{"id":961,"date":"2018-01-10T15:57:24","date_gmt":"2018-01-10T14:57:24","guid":{"rendered":"https:\/\/www.iteanu.law\/?p=961"},"modified":"2018-03-12T10:31:28","modified_gmt":"2018-03-12T09:31:28","slug":"pressecitron-videosurveillance-travail-cnil-condamner-petite-entreprise-rappeler-regles-10-01-2018","status":"publish","type":"post","link":"https:\/\/www.iteanu.law\/en\/pressecitron-videosurveillance-travail-cnil-condamner-petite-entreprise-rappeler-regles-10-01-2018\/","title":{"rendered":"pressecitron : Vid\u00e9osurveillance au travail : la CNIL fait condamner une petite entreprise pour rappeler les r\u00e8gles &#8211; 10\/01\/2018"},"content":{"rendered":"<p>A l\u2019heure de la prochaine application en Mai 2018 d\u2019un R\u00e8glement europ\u00e9en, le RGPD, qui va consid\u00e9rablement durcir la manipulation des donn\u00e9es personnelles et aggraver fortement les sanctions, les questions relatives \u00e0 ces donn\u00e9es et au respect de la vie priv\u00e9e des salari\u00e9s sur leur lieu de travail, se bousculent.<\/p>\n<p><a href=\"https:\/\/www.presse-citron.net\/videosurveillance-travail-cnil-condamner-petite-entreprise-rappeler-regles\/\" target=\"_blank\" rel=\"noopener\">Lire la suite<\/a><\/p>","protected":false},"excerpt":{"rendered":"<p>A l\u2019heure de la prochaine application en Mai 2018 d\u2019un R\u00e8glement europ\u00e9en, le RGPD, qui va consid\u00e9rablement durcir la manipulation des donn\u00e9es personnelles et aggraver fortement les sanctions, les questions relatives \u00e0 ces donn\u00e9es et au respect de la vie priv\u00e9e des salari\u00e9s sur leur lieu de travail, se bousculent.<\/p>\n","protected":false},"author":3,"featured_media":931,"comment_status":"closed","ping_status":"closed","sticky":false,"template":"","format":"standard","meta":{"footnotes":""},"categories":[12],"tags":[],"class_list":["post-961","post","type-post","status-publish","format-standard","has-post-thumbnail","hentry","category-revue-de-presse"],"acf":[],"_links":{"self":[{"href":"https:\/\/www.iteanu.law\/en\/wp-json\/wp\/v2\/posts\/961","targetHints":{"allow":["GET"]}}],"collection":[{"href":"https:\/\/www.iteanu.law\/en\/wp-json\/wp\/v2\/posts"}],"about":[{"href":"https:\/\/www.iteanu.law\/en\/wp-json\/wp\/v2\/types\/post"}],"author":[{"embeddable":true,"href":"https:\/\/www.iteanu.law\/en\/wp-json\/wp\/v2\/users\/3"}],"replies":[{"embeddable":true,"href":"https:\/\/www.iteanu.law\/en\/wp-json\/wp\/v2\/comments?post=961"}],"version-history":[{"count":1,"href":"https:\/\/www.iteanu.law\/en\/wp-json\/wp\/v2\/posts\/961\/revisions"}],"predecessor-version":[{"id":962,"href":"https:\/\/www.iteanu.law\/en\/wp-json\/wp\/v2\/posts\/961\/revisions\/962"}],"wp:featuredmedia":[{"embeddable":true,"href":"https:\/\/www.iteanu.law\/en\/wp-json\/wp\/v2\/media\/931"}],"wp:attachment":[{"href":"https:\/\/www.iteanu.law\/en\/wp-json\/wp\/v2\/media?parent=961"}],"wp:term":[{"taxonomy":"category","embeddable":true,"href":"https:\/\/www.iteanu.law\/en\/wp-json\/wp\/v2\/categories?post=961"},{"taxonomy":"post_tag","embeddable":true,"href":"https:\/\/www.iteanu.law\/en\/wp-json\/wp\/v2\/tags?post=961"}],"curies":[{"name":"wp","href":"https:\/\/api.w.org\/{rel}","templated":true}]}}