{"id":9265,"date":"2019-11-27T10:49:36","date_gmt":"2019-11-27T09:49:36","guid":{"rendered":"https:\/\/www.iteanu.law\/?p=9265"},"modified":"2019-11-27T10:49:53","modified_gmt":"2019-11-27T09:49:53","slug":"17-octobre-2019-rencontre-cybersecurite-avec-lanvie","status":"publish","type":"post","link":"https:\/\/www.iteanu.law\/en\/17-octobre-2019-rencontre-cybersecurite-avec-lanvie\/","title":{"rendered":"17 Octobre 2019 &#8211; Rencontre Cybers\u00e9curit\u00e9 avec l&#8217;ANVIE"},"content":{"rendered":"<p class=\"qtranxs-available-languages-message qtranxs-available-languages-message-en\">Sorry, this entry is only available in <a href=\"https:\/\/www.iteanu.law\/fr\/wp-json\/wp\/v2\/posts\/9265\" class=\"qtranxs-available-language-link qtranxs-available-language-link-fr\" title=\"FR\">FR<\/a>. For the sake of viewer convenience, the content is shown below in the alternative language. You may click the link to switch the active language.<\/p><p>Le 17 Octobre 2019, Ma\u00eetre Olivier ITEANU a anim\u00e9 la journ\u00e9e organis\u00e9e par l&#8217;<a href=\"https:\/\/anvie.fr\/evenement-detail\/1684\">ANVIE<\/a> (<span class=\"st\">Association Nationale de Valorisation Interdisciplinaire de la recherche en sciences humaines et sociales aupr\u00e8s des Entreprises) <\/span>autour de la Cybers\u00e9curit\u00e9 sous la th\u00e9matique &#8220;<em>Entre exigence de conformit\u00e9, protection du patrimoine de l\u2019entreprise et management<\/em>&#8220;.<\/p>\n<p>Cinq tables-rondes ont \u00e9t\u00e9 organis\u00e9es au cours de cette journ\u00e9e, toutes anim\u00e9es par Ma\u00eetre Olivier ITEANU, sur les th\u00e8mes suivantes :<\/p>\n<ul>\n<li><strong>Evolution du cadre r\u00e9glementaire, exigence de conformit\u00e9 : quels d\u00e9fis ?<\/strong><\/li>\n<li><strong>Organiser la collaboration entre RSSI, DPO et les services juridiques.<\/strong><\/li>\n<li><strong>Et en cas d\u2019incident, comment proc\u00e9der ?<\/strong><\/li>\n<li><strong>Droit et r\u00e9volution num\u00e9rique : quelles interactions ?<\/strong><\/li>\n<li><strong>L\u2019humain comme facteur cl\u00e9 de succ\u00e8s \u00e0 la gestion du risque de cyberattaque.<\/strong><\/li>\n<\/ul>\n<p>Sont intervenus au cours de cette journ\u00e9e, notamment, les experts et personnalit\u00e9s suivantes : <strong>Nicolas ARPAGIAN<\/strong>, Directeur de la strat\u00e9gie et des affaires publiques &#8211; Orange Cyberd\u00e9fense, <strong>Alain BOUILL\u00c9<\/strong>, Vice-pr\u00e9sident &#8211; Cesin, <strong>Matthieu BOURGEOIS<\/strong>, Avocat associ\u00e9 &#8211; KGA Avocats, <strong>Ga\u00ebl BOUQUET<\/strong>, Directeur juridique &#8211; Centre des constructeurs fran\u00e7ais d\u2019automobiles, <strong>Laurence CLAYTON<\/strong>, expert judiciaire en informatique &#8211; LCA-ICSI, <strong>Mathieu COULAUD<\/strong>, Head of Legal &#8211; Microsoft France, <strong>Jean-Louis FIAMENGHI<\/strong>, Directeur de la s\u00fbret\u00e9 &#8211; Veolia, <strong>Ezechiel SYMENOUH<\/strong>, Cyber Risks Practice Leader &#8211; Gras Savoye Willis Tower Watson, <strong>Christian SOMMADE<\/strong>, D\u00e9l\u00e9gu\u00e9 g\u00e9n\u00e9ral &#8211; R\u00e9silience France, <strong>Sylvie SCHLANGER<\/strong>, Avocat g\u00e9n\u00e9ral, Chef du Service civil &#8211; Cour d\u2019Appel de Paris, <strong>Sylvain STAUB<\/strong>, Avocat Barreau de Paris, CEO, Data Legal Drive, <strong>Yves VERHOEVEN<\/strong>, Sous-directeur Strat\u00e9gie &#8211; Anssi.<\/p>\n<p>Cette rencontre avait pour objectif de :<\/p>\n<ul>\n<li><strong>Prendre la mesure des nouvelles cyber-menaces ;<br \/>\n<\/strong><\/li>\n<li><strong>Analyser le cadre r\u00e9glementaire<\/strong> et les moyens de relever les enjeux de conformit\u00e9 ;<\/li>\n<li><strong>Anticiper les risques juridiques<\/strong> li\u00e9s aux d\u00e9veloppement du num\u00e9rique (IA,cloud, IoT..) ;<\/li>\n<li><strong>Identifier les leviers juridiques<\/strong> pour prot\u00e9ger le patrimoine de l\u2019entreprise.<\/li>\n<\/ul>\n<p>Le compte-rendu de cette rencontre est disponible <a href=\"https:\/\/www.iteanu.law\/wp-content\/uploads\/Anvie-Compte-rendu-Rencontre-Cybers\u00e9curit\u00e9-octobre-2019-08-11-2019.pdf\">ici.<\/a><\/p>","protected":false},"excerpt":{"rendered":"<p>Sorry, this entry is only available in FR. For the sake of viewer convenience, the content is shown below in the alternative language. You may click the link to switch the active language.Le 17 Octobre 2019, Ma\u00eetre Olivier ITEANU a anim\u00e9 la journ\u00e9e organis\u00e9e par l&#8217;ANVIE (Association Nationale de Valorisation Interdisciplinaire de la recherche en [&hellip;]<\/p>\n","protected":false},"author":5,"featured_media":9673,"comment_status":"closed","ping_status":"closed","sticky":false,"template":"","format":"standard","meta":{"footnotes":""},"categories":[5],"tags":[],"class_list":["post-9265","post","type-post","status-publish","format-standard","has-post-thumbnail","hentry","category-evenements"],"acf":[],"_links":{"self":[{"href":"https:\/\/www.iteanu.law\/en\/wp-json\/wp\/v2\/posts\/9265","targetHints":{"allow":["GET"]}}],"collection":[{"href":"https:\/\/www.iteanu.law\/en\/wp-json\/wp\/v2\/posts"}],"about":[{"href":"https:\/\/www.iteanu.law\/en\/wp-json\/wp\/v2\/types\/post"}],"author":[{"embeddable":true,"href":"https:\/\/www.iteanu.law\/en\/wp-json\/wp\/v2\/users\/5"}],"replies":[{"embeddable":true,"href":"https:\/\/www.iteanu.law\/en\/wp-json\/wp\/v2\/comments?post=9265"}],"version-history":[{"count":7,"href":"https:\/\/www.iteanu.law\/en\/wp-json\/wp\/v2\/posts\/9265\/revisions"}],"predecessor-version":[{"id":9677,"href":"https:\/\/www.iteanu.law\/en\/wp-json\/wp\/v2\/posts\/9265\/revisions\/9677"}],"wp:featuredmedia":[{"embeddable":true,"href":"https:\/\/www.iteanu.law\/en\/wp-json\/wp\/v2\/media\/9673"}],"wp:attachment":[{"href":"https:\/\/www.iteanu.law\/en\/wp-json\/wp\/v2\/media?parent=9265"}],"wp:term":[{"taxonomy":"category","embeddable":true,"href":"https:\/\/www.iteanu.law\/en\/wp-json\/wp\/v2\/categories?post=9265"},{"taxonomy":"post_tag","embeddable":true,"href":"https:\/\/www.iteanu.law\/en\/wp-json\/wp\/v2\/tags?post=9265"}],"curies":[{"name":"wp","href":"https:\/\/api.w.org\/{rel}","templated":true}]}}