{"id":814,"date":"2018-02-01T16:50:01","date_gmt":"2018-02-01T15:50:01","guid":{"rendered":"https:\/\/www.iteanu.law\/?p=814"},"modified":"2018-02-03T17:12:36","modified_gmt":"2018-02-03T16:12:36","slug":"rgpd-plateau-dacteurs-publics-tv","status":"publish","type":"post","link":"https:\/\/www.iteanu.law\/en\/rgpd-plateau-dacteurs-publics-tv\/","title":{"rendered":"Le RGPD sur le plateau d&#8217;ACTEURS PUBLICS TV"},"content":{"rendered":"<p class=\"qtranxs-available-languages-message qtranxs-available-languages-message-en\">Sorry, this entry is only available in <a href=\"https:\/\/www.iteanu.law\/fr\/wp-json\/wp\/v2\/posts\/814\" class=\"qtranxs-available-language-link qtranxs-available-language-link-fr\" title=\"FR\">FR<\/a>. For the sake of viewer convenience, the content is shown below in the alternative language. You may click the link to switch the active language.<\/p><p><strong>A l&#8217;occasion du Forum International sur la Cybers\u00e9curit\u00e9 2018 (FIC 2018)<\/strong>, la cha\u00eene Acteurs Publics a interview\u00e9 Olivier Iteanu sur les changements attendus au titre du RGPD.<\/p>\n<p>Un entretien tr\u00e8s efficace de 11 minutes, qui donne les principales clefs de compr\u00e9hension de ce teste communautaire attendu \u00e0 l&#8217;\u00e9poque de l&#8217;interview, dans quelques semaines.<\/p>\n<p>Une interview \u00e0 visionner sans plus tarder.<\/p>\n<p><a href=\"https:\/\/tv.acteurspublics.com\/evenements-5\/ce-que-change-le-reglement-europeen-sur-la-protection-des-donnees\/player\">Voir la vid\u00e9o sur le site TV Acteurs Publics<\/a><\/p>","protected":false},"excerpt":{"rendered":"<p>Sorry, this entry is only available in FR. For the sake of viewer convenience, the content is shown below in the alternative language. You may click the link to switch the active language.A l&#8217;occasion du Forum International sur la Cybers\u00e9curit\u00e9 2018 (FIC 2018), la cha\u00eene Acteurs Publics a interview\u00e9 Olivier Iteanu sur les changements attendus [&hellip;]<\/p>\n","protected":false},"author":5,"featured_media":815,"comment_status":"closed","ping_status":"closed","sticky":false,"template":"","format":"standard","meta":{"footnotes":""},"categories":[12],"tags":[],"class_list":["post-814","post","type-post","status-publish","format-standard","has-post-thumbnail","hentry","category-revue-de-presse"],"acf":[],"_links":{"self":[{"href":"https:\/\/www.iteanu.law\/en\/wp-json\/wp\/v2\/posts\/814","targetHints":{"allow":["GET"]}}],"collection":[{"href":"https:\/\/www.iteanu.law\/en\/wp-json\/wp\/v2\/posts"}],"about":[{"href":"https:\/\/www.iteanu.law\/en\/wp-json\/wp\/v2\/types\/post"}],"author":[{"embeddable":true,"href":"https:\/\/www.iteanu.law\/en\/wp-json\/wp\/v2\/users\/5"}],"replies":[{"embeddable":true,"href":"https:\/\/www.iteanu.law\/en\/wp-json\/wp\/v2\/comments?post=814"}],"version-history":[{"count":5,"href":"https:\/\/www.iteanu.law\/en\/wp-json\/wp\/v2\/posts\/814\/revisions"}],"predecessor-version":[{"id":820,"href":"https:\/\/www.iteanu.law\/en\/wp-json\/wp\/v2\/posts\/814\/revisions\/820"}],"wp:featuredmedia":[{"embeddable":true,"href":"https:\/\/www.iteanu.law\/en\/wp-json\/wp\/v2\/media\/815"}],"wp:attachment":[{"href":"https:\/\/www.iteanu.law\/en\/wp-json\/wp\/v2\/media?parent=814"}],"wp:term":[{"taxonomy":"category","embeddable":true,"href":"https:\/\/www.iteanu.law\/en\/wp-json\/wp\/v2\/categories?post=814"},{"taxonomy":"post_tag","embeddable":true,"href":"https:\/\/www.iteanu.law\/en\/wp-json\/wp\/v2\/tags?post=814"}],"curies":[{"name":"wp","href":"https:\/\/api.w.org\/{rel}","templated":true}]}}