{"id":621,"date":"2017-05-14T22:56:33","date_gmt":"2017-05-14T20:56:33","guid":{"rendered":"https:\/\/www.iteanu.law\/?p=621"},"modified":"2017-05-22T23:17:45","modified_gmt":"2017-05-22T21:17:45","slug":"rgpd-interesse-tunisie","status":"publish","type":"post","link":"https:\/\/www.iteanu.law\/en\/rgpd-interesse-tunisie\/","title":{"rendered":"Le RGPD int\u00e9resse en Tunisie"},"content":{"rendered":"<p class=\"qtranxs-available-languages-message qtranxs-available-languages-message-en\">Sorry, this entry is only available in <a href=\"https:\/\/www.iteanu.law\/fr\/wp-json\/wp\/v2\/posts\/621\" class=\"qtranxs-available-language-link qtranxs-available-language-link-fr\" title=\"FR\">FR<\/a>. For the sake of viewer convenience, the content is shown below in the alternative language. You may click the link to switch the active language.<\/p><p>Dans le cadre d&#8217;une rencontre entre une d\u00e9l\u00e9gation fran\u00e7aise compos\u00e9e de soci\u00e9t\u00e9s de la cybers\u00e9curit\u00e9, membres de l&#8217;association <a href=\"http:\/\/www.hexatrust.com\/\">Hexatrust<\/a>, Olivier Iteanu a \u00e9t\u00e9 convi\u00e9 \u00e0 s&#8217;exprimer sur le th\u00e8me du R\u00e8glement G\u00e9n\u00e9ral sur la Protection des Donn\u00e9es dit RGPD, applicable le 25 mai 2018.<\/p>\n<p>L&#8217;\u00e9v\u00e8nement se tenait \u00e0 Tunis le 11 mai 2017 et s&#8217;intitulait <a href=\"http:\/\/www.hexatrust.com\/hexaday-tunisia\/\">Hexaday<\/a>.<\/p>\n<p>Olivier Iteanu intervenait \u00e0 la premi\u00e8re table ronde de la journ\u00e9e, anim\u00e9e par Monsieur Karim Ahres, Pr\u00e9sident de la Chambre Nationale des Soci\u00e9t\u00e9s de Services et d&#8217;Ing\u00e9nierie Informatique (UTICA).<\/p>\n<p>Le Pr\u00e9sident de <strong>l&#8217;Instance Nationale de Protection des Donn\u00e9es personnelles, l&#8217;INPDP, la &#8220;CNIL&#8221; Tunisienne<\/strong>, a introduit\u00a0 cette table ronde pour dire l&#8217;importance que rev\u00eatait le R\u00e8glement attendu, y compris pour les entreprises tunisiennes.<\/p>\n<p>Devant une assistance fournie, Ma\u00eetre Iteanu a pr\u00e9sent\u00e9 les grandes lignes du RGPD pour insister, notamment, sur le nouveau statut juridique du sous-traitant, d\u00e9sormais \u00e9galement responsable devant la Loi, cette question int\u00e9ressant plus particuli\u00e8rement les entreprises pr\u00e9sentes.<\/p>\n<p>La journ\u00e9e s&#8217;est poursuivie dans l&#8217;apr\u00e8s-midi avec un atelier anim\u00e9 sur le th\u00e8me de la mise en conformit\u00e9 au RGPD et comment les d\u00e9marches combinant des mesures d&#8217;ordre technique, organisationnel et juridique, devaient \u00eatre prises instamment pour \u00eatre pr\u00eat \u00e0 l&#8217;heure dite. La Soci\u00e9t\u00e9 <a href=\"http:\/\/www.synetis.com\/\">SYNETIS<\/a>, pr\u00e9sente \u00e0 Tunis, intervenait \u00e9galement dans cet atelier, aux c\u00f4t\u00e9s d&#8217;Olivier Iteanu.<\/p>\n<p>De nombreuses questions et \u00e9changes ont pris place durant l&#8217;heure et demi de cet atelier.<\/p>\n<p>Une journ\u00e9e enrichissante pour tous les intervenants et les participants.<\/p>\n<p><strong><em>Sur la photo, et de gauche \u00e0 droite: Jean-No\u00ebl de Galzain, Pr\u00e9sident de WALLIX et d&#8217;HEXATRUST, Chawki Gaddes, Pr\u00e9sident de l&#8217;INPDP et Olivier Iteanu.<\/em><\/strong><\/p>\n<p>&nbsp;<\/p>","protected":false},"excerpt":{"rendered":"<p>Sorry, this entry is only available in FR. For the sake of viewer convenience, the content is shown below in the alternative language. You may click the link to switch the active language.Dans le cadre d&#8217;une rencontre entre une d\u00e9l\u00e9gation fran\u00e7aise compos\u00e9e de soci\u00e9t\u00e9s de la cybers\u00e9curit\u00e9, membres de l&#8217;association Hexatrust, Olivier Iteanu a \u00e9t\u00e9 [&hellip;]<\/p>\n","protected":false},"author":5,"featured_media":622,"comment_status":"open","ping_status":"open","sticky":false,"template":"","format":"standard","meta":{"footnotes":""},"categories":[5],"tags":[],"class_list":["post-621","post","type-post","status-publish","format-standard","has-post-thumbnail","hentry","category-evenements"],"acf":[],"_links":{"self":[{"href":"https:\/\/www.iteanu.law\/en\/wp-json\/wp\/v2\/posts\/621","targetHints":{"allow":["GET"]}}],"collection":[{"href":"https:\/\/www.iteanu.law\/en\/wp-json\/wp\/v2\/posts"}],"about":[{"href":"https:\/\/www.iteanu.law\/en\/wp-json\/wp\/v2\/types\/post"}],"author":[{"embeddable":true,"href":"https:\/\/www.iteanu.law\/en\/wp-json\/wp\/v2\/users\/5"}],"replies":[{"embeddable":true,"href":"https:\/\/www.iteanu.law\/en\/wp-json\/wp\/v2\/comments?post=621"}],"version-history":[{"count":2,"href":"https:\/\/www.iteanu.law\/en\/wp-json\/wp\/v2\/posts\/621\/revisions"}],"predecessor-version":[{"id":624,"href":"https:\/\/www.iteanu.law\/en\/wp-json\/wp\/v2\/posts\/621\/revisions\/624"}],"wp:featuredmedia":[{"embeddable":true,"href":"https:\/\/www.iteanu.law\/en\/wp-json\/wp\/v2\/media\/622"}],"wp:attachment":[{"href":"https:\/\/www.iteanu.law\/en\/wp-json\/wp\/v2\/media?parent=621"}],"wp:term":[{"taxonomy":"category","embeddable":true,"href":"https:\/\/www.iteanu.law\/en\/wp-json\/wp\/v2\/categories?post=621"},{"taxonomy":"post_tag","embeddable":true,"href":"https:\/\/www.iteanu.law\/en\/wp-json\/wp\/v2\/tags?post=621"}],"curies":[{"name":"wp","href":"https:\/\/api.w.org\/{rel}","templated":true}]}}