{"id":604,"date":"2017-04-02T12:57:36","date_gmt":"2017-04-02T10:57:36","guid":{"rendered":"https:\/\/www.iteanu.law\/?p=604"},"modified":"2019-11-01T17:06:57","modified_gmt":"2019-11-01T16:06:57","slug":"livre-digital-defie-letat-de-droit-recoit-prix-special-jury-fic-2017","status":"publish","type":"post","link":"https:\/\/www.iteanu.law\/en\/livre-digital-defie-letat-de-droit-recoit-prix-special-jury-fic-2017\/","title":{"rendered":"&#8221;Quand le digital d\u00e9fie l&#8217;Etat de droit&#8221; re\u00e7oit le prix sp\u00e9cial du jury du FIC 2017"},"content":{"rendered":"<p class=\"qtranxs-available-languages-message qtranxs-available-languages-message-en\">Sorry, this entry is only available in <a href=\"https:\/\/www.iteanu.law\/fr\/wp-json\/wp\/v2\/posts\/604\" class=\"qtranxs-available-language-link qtranxs-available-language-link-fr\" title=\"FR\">FR<\/a>. For the sake of viewer convenience, the content is shown below in the alternative language. You may click the link to switch the active language.<\/p><p><\/p>\n<div class=\"page\" title=\"Page 1\">\n<div class=\"section\">\n<div class=\"layoutArea\">\n<p><strong>Le cinqui\u00e8me livre d&#8217;Olivier Iteanu, &#8220;<em>Quand le digital d\u00e9fie l&#8217;Etat de droit<\/em>&#8221; paru aux Editions Eyrolles fin 2016, a re\u00e7u le prix sp\u00e9cial du jury du FIC (Forum International de la Cybers\u00e9curit\u00e9) 2017.<br \/>\n<\/strong><\/p>\n<p>Ce prix a \u00e9t\u00e9 remis \u00e0 Olivier Iteanu \u00e0 l&#8217;occasion d&#8217;une c\u00e9r\u00e9monie qui s&#8217;est tenue le 21 mars 2017 \u00e0 la New York University \u00e0 Paris, dans le b\u00e2timent Eyrolles boulevard Saint-Germain, en pr\u00e9sence de Serge Eyrolles, Pr\u00e9sident des Editions Eyrolles et petit-fils du fondateur de la Maison Eyrolles.<\/p>\n<\/div>\n<p>C&#8217;est le G\u00e9n\u00e9ral d&#8217;arm\u00e9es Marc Watin-Augouard, fondateur du FIC et membre du jury, qui a remis le prix \u00e0 Olivier Iteanu.<\/p>\n<\/div>\n<p>Il a salu\u00e9 un ouvrage fort et courageux, qui a re\u00e7u l&#8217;accueil favorable et unanime du jury pr\u00e9sid\u00e9 cette ann\u00e9e par Bernard Barbier de la Soci\u00e9t\u00e9 Cap Gemini-Sogeti.<\/p>\n<\/div>\n<p>L&#8217;ouvrage a \u00e9galement re\u00e7u un accueil favorable de la critique.<\/p>\n<div class=\"page\" title=\"Page 1\">\n<div class=\"section\">\n<p>Pour<a href=\"http:\/\/www.lemondedudroit.fr\/unes\/221532-quand-silicon-valley-cherche-a-imposer-droit-americain-europe.html\"> Le Monde du Droit<\/a> , il s&#8217;agit d&#8217;<em>\u00ab\u00a0Un sujet original et \u00e9tay\u00e9. A lire absolument pour avoir un avis sur cette \u00e9volution du droit europ\u00e9en, et notamment du droit fran\u00e7ais\u00a0\u00bb <\/em>par <strong>Arnaud Dumourier.<\/strong><\/p>\n<p><a href=\"http:\/\/www.silicon.fr\/numerique-defi-etat-de-droit-iteanu-160678.html\">Silicon.fr<\/a>\u00a0 y a vu: <em>\u00ab\u00a0Dans un style pr\u00e9cis, qui \u00e9vite toujours de sombrer dans des d\u00e9bats trop juridiques, Ma\u00eetre Iteanu nous d\u00e9montre comment notre droit est d\u00e9form\u00e9, peu \u00e0 peu, sans que nous y prenions forc\u00e9ment garde, par les technologies. Une transformation oubli\u00e9e.\u00a0\u00bb <\/em>par <strong>Reynald Fl\u00e9chaux<\/strong><\/p>\n<\/div>\n<p>&nbsp;<\/p>\n<p><strong>A lire \u00e9galement:<\/strong><\/p>\n<p><em>La Silicon Valley cherche \u00e0 imposer le droit am\u00e9ricain \u00e0 l\u2019Europe\u00a0\u00bb <\/em>: interview par <strong>Amaelle Guiton<\/strong>, du quotidien <a href=\"http:\/\/www.liberation.fr\/debats\/2017\/01\/02\/olivier-iteanu-la-silicon-valley-cherche-a-imposer-le-droit-americain-a-l-europe_1538675\">Lib\u00e9ration.<\/a><\/p>\n<p>Pr\u00e9sentation et interview d\u2019Olivier Iteanu par <a href=\"http:\/\/www.village-justice.com\/articles\/Nouvelle-parution-Quand-digital-defie-Etat-droit,23650.html?utm_source=Village+Bulletin&amp;utm_medium=email&amp;utm_campaign=%C2%BB%C2%BB+A+lire+sur+le+Village+de+la+justice+cette+semaine...&amp;utm_content=oiteanu%40iteanu.com\">Le Village de la justice <\/a><em>\u00ab\u00a0La r\u00e9volution num\u00e9rique transforme nos mod\u00e8les \u00e9conomiques, nos techniques, nos usages (\u2026) elle transforme \u00e9galement le droit (\u2026) C\u2019est cette prise de conscience que souhaite faire partager aux lecteurs l\u2019Avocat Olivier Iteanu \u2026\u00a0\u00bb<\/em><\/p>\n<\/div>\n<p><a href=\"http:\/\/www.expertises.info\/sommaire-du-mois\/interview\/e-colonisation-par-olivier-iteanu.html\">Expertises des Syst\u00e8mes d\u2019Information <\/a>Interview <em>\u00ab\u00a0e-colonisation\u00a0\u00bb <\/em>par<strong> Sylvie Rozenfeld<\/strong><\/p>\n<p><a href=\"https:\/\/www.contexte.com\/article\/numerique\/olivier-iteanu-la-reconciliation-des-deux-droits-est-vraiment-de-linteret-des-etats-unis-et-de-leurope_60962.html\">Contexte Num\u00e9rique <\/a><em>\u00ab\u00a0La r\u00e9conciliation des droits du num\u00e9rique est de l\u2019int\u00e9r\u00eat des Etats-Unis et de l\u2019Europe\u00a0\u00bb <\/em>par <strong>Sabine Blanc<\/strong><\/p>","protected":false},"excerpt":{"rendered":"<p>Sorry, this entry is only available in FR. For the sake of viewer convenience, the content is shown below in the alternative language. You may click the link to switch the active language. Le cinqui\u00e8me livre d&#8217;Olivier Iteanu, &#8220;Quand le digital d\u00e9fie l&#8217;Etat de droit&#8221; paru aux Editions Eyrolles fin 2016, a re\u00e7u le prix [&hellip;]<\/p>\n","protected":false},"author":5,"featured_media":605,"comment_status":"open","ping_status":"open","sticky":false,"template":"","format":"standard","meta":{"footnotes":""},"categories":[7],"tags":[],"class_list":["post-604","post","type-post","status-publish","format-standard","has-post-thumbnail","hentry","category-publications"],"acf":[],"_links":{"self":[{"href":"https:\/\/www.iteanu.law\/en\/wp-json\/wp\/v2\/posts\/604","targetHints":{"allow":["GET"]}}],"collection":[{"href":"https:\/\/www.iteanu.law\/en\/wp-json\/wp\/v2\/posts"}],"about":[{"href":"https:\/\/www.iteanu.law\/en\/wp-json\/wp\/v2\/types\/post"}],"author":[{"embeddable":true,"href":"https:\/\/www.iteanu.law\/en\/wp-json\/wp\/v2\/users\/5"}],"replies":[{"embeddable":true,"href":"https:\/\/www.iteanu.law\/en\/wp-json\/wp\/v2\/comments?post=604"}],"version-history":[{"count":2,"href":"https:\/\/www.iteanu.law\/en\/wp-json\/wp\/v2\/posts\/604\/revisions"}],"predecessor-version":[{"id":648,"href":"https:\/\/www.iteanu.law\/en\/wp-json\/wp\/v2\/posts\/604\/revisions\/648"}],"wp:featuredmedia":[{"embeddable":true,"href":"https:\/\/www.iteanu.law\/en\/wp-json\/wp\/v2\/media\/605"}],"wp:attachment":[{"href":"https:\/\/www.iteanu.law\/en\/wp-json\/wp\/v2\/media?parent=604"}],"wp:term":[{"taxonomy":"category","embeddable":true,"href":"https:\/\/www.iteanu.law\/en\/wp-json\/wp\/v2\/categories?post=604"},{"taxonomy":"post_tag","embeddable":true,"href":"https:\/\/www.iteanu.law\/en\/wp-json\/wp\/v2\/tags?post=604"}],"curies":[{"name":"wp","href":"https:\/\/api.w.org\/{rel}","templated":true}]}}