{"id":422,"date":"2014-02-05T10:43:50","date_gmt":"2014-02-05T09:43:50","guid":{"rendered":"https:\/\/www.iteanu.law\/?p=422"},"modified":"2016-09-27T14:21:19","modified_gmt":"2016-09-27T12:21:19","slug":"intervention-sur-itele-sur-le-theme-les-nouveaux-barbares-2-0","status":"publish","type":"post","link":"https:\/\/www.iteanu.law\/en\/intervention-sur-itele-sur-le-theme-les-nouveaux-barbares-2-0\/","title":{"rendered":"Intervention sur IT\u00e9l\u00e9 sur le th\u00e8me &#8220;les nouveaux barbares 2.0&#8221;"},"content":{"rendered":"<p class=\"qtranxs-available-languages-message qtranxs-available-languages-message-en\">Sorry, this entry is only available in <a href=\"https:\/\/www.iteanu.law\/fr\/wp-json\/wp\/v2\/posts\/422\" class=\"qtranxs-available-language-link qtranxs-available-language-link-fr\" title=\"FR\">FR<\/a>. For the sake of viewer convenience, the content is shown below in the alternative language. You may click the link to switch the active language.<\/p><p><\/p>\n<div class=\"post-excerpt\">\n<p>Il n&#8217;y a aucune raison que la violence du monde physique ne se d\u00e9verse pas sur les r\u00e9seaux. Traitons cette violence (pr\u00e9vention \/ r\u00e9pression) mais ne condamnons pas les r\u00e9seaux.<\/p>\n<\/div>\n<div class=\"post-content\">\n<div><iframe loading=\"lazy\" src=\"http:\/\/player.canalplus.fr\/embed\/?param=itele_vod&amp;vid=1014980\" width=\"480\" height=\"270\" frameborder=\"0\" scrolling=\"no\" data-mce-fragment=\"1\"><\/iframe><\/div>\n<div><a href=\"http:\/\/www.itele.fr\/redirect?vid=1014980&amp;sc_cmpid=SharePlayerEmbed\" target=\"_blank\">Les nouveaux barbares 2.0 &#8211; Le Grand D\u00e9cryptage d&#8217;Olivier Galzi<\/a><\/div>\n<\/div>\n<p><\/p>","protected":false},"excerpt":{"rendered":"<p class=\"qtranxs-available-languages-message qtranxs-available-languages-message-en\">Sorry, this entry is only available in <a href=\"https:\/\/www.iteanu.law\/fr\/wp-json\/wp\/v2\/posts\/422\" class=\"qtranxs-available-language-link qtranxs-available-language-link-fr\" title=\"FR\">FR<\/a>. For the sake of viewer convenience, the content is shown below in the alternative language. You may click the link to switch the active language.<\/p>\n<p>Il n&#8217;y a aucune raison que la violence du monde physique ne se d\u00e9verse pas sur les r\u00e9seaux.<\/p>\n","protected":false},"author":3,"featured_media":0,"comment_status":"open","ping_status":"open","sticky":false,"template":"","format":"standard","meta":{"footnotes":""},"categories":[5],"tags":[],"class_list":["post-422","post","type-post","status-publish","format-standard","hentry","category-evenements"],"acf":[],"_links":{"self":[{"href":"https:\/\/www.iteanu.law\/en\/wp-json\/wp\/v2\/posts\/422","targetHints":{"allow":["GET"]}}],"collection":[{"href":"https:\/\/www.iteanu.law\/en\/wp-json\/wp\/v2\/posts"}],"about":[{"href":"https:\/\/www.iteanu.law\/en\/wp-json\/wp\/v2\/types\/post"}],"author":[{"embeddable":true,"href":"https:\/\/www.iteanu.law\/en\/wp-json\/wp\/v2\/users\/3"}],"replies":[{"embeddable":true,"href":"https:\/\/www.iteanu.law\/en\/wp-json\/wp\/v2\/comments?post=422"}],"version-history":[{"count":2,"href":"https:\/\/www.iteanu.law\/en\/wp-json\/wp\/v2\/posts\/422\/revisions"}],"predecessor-version":[{"id":424,"href":"https:\/\/www.iteanu.law\/en\/wp-json\/wp\/v2\/posts\/422\/revisions\/424"}],"wp:attachment":[{"href":"https:\/\/www.iteanu.law\/en\/wp-json\/wp\/v2\/media?parent=422"}],"wp:term":[{"taxonomy":"category","embeddable":true,"href":"https:\/\/www.iteanu.law\/en\/wp-json\/wp\/v2\/categories?post=422"},{"taxonomy":"post_tag","embeddable":true,"href":"https:\/\/www.iteanu.law\/en\/wp-json\/wp\/v2\/tags?post=422"}],"curies":[{"name":"wp","href":"https:\/\/api.w.org\/{rel}","templated":true}]}}