{"id":41768,"date":"2025-09-21T16:41:25","date_gmt":"2025-09-21T14:41:25","guid":{"rendered":"https:\/\/www.iteanu.law\/?p=41768"},"modified":"2025-11-09T08:41:01","modified_gmt":"2025-11-09T07:41:01","slug":"19-sept-2025-data-act-la-fin-du-contrat-cloud-a-sens-unique","status":"publish","type":"post","link":"https:\/\/www.iteanu.law\/en\/19-sept-2025-data-act-la-fin-du-contrat-cloud-a-sens-unique\/","title":{"rendered":"(19 Sept. 2025) Data Act : la fin du contrat Cloud \u00e0 sens unique"},"content":{"rendered":"<p class=\"qtranxs-available-languages-message qtranxs-available-languages-message-en\">Sorry, this entry is only available in <a href=\"https:\/\/www.iteanu.law\/fr\/wp-json\/wp\/v2\/posts\/41768\" class=\"qtranxs-available-language-link qtranxs-available-language-link-fr\" title=\"FR\">FR<\/a>. For the sake of viewer convenience, the content is shown below in the alternative language. You may click the link to switch the active language.<\/p><p>Ma\u00eetre Alexandra Iteanu d\u00e9crypte dans cet article publi\u00e9 dans le magazine <a href=\"https:\/\/www.solutions-numeriques.com\/\">Solutions Num\u00e9riques<\/a> le Data Act, <a href=\"https:\/\/eur-lex.europa.eu\/eli\/reg\/2023\/2854\/oj?locale=fr\">R\u00e8glement communautaire<\/a> entr\u00e9 en application le 12 Septembre 2025.<\/p>\n<p>Encore une fois, il s&#8217;agit ici du Cloud Computing et de son contrat, un contrat d&#8217;adh\u00e9sion de plus en plus, lieu souvent d&#8217;un d\u00e9s\u00e9quilibre.<\/p>\n<p>Et comme le conclue, Ma\u00eetre Alexandra Iteanu dans cet article !<\/p>\n<blockquote><p>Le Data Act, \u00e0 l\u2019instar du RGPD, n\u2019est pas un texte isol\u00e9 : il s\u2019int\u00e8gre dans un \u00e9cosyst\u00e8me normatif plus large, aux c\u00f4t\u00e9s du Data Governance Act et de la loi SREN. Il rappelle une r\u00e8gle cardinale :<strong> dans l\u2019\u00e9conomie num\u00e9rique, la loi reste au-dessus du contrat.<\/strong><\/p><\/blockquote>\n<p>C&#8217;est \u00e0 lire absolument et <a href=\"https:\/\/www.solutions-numeriques.com\/avis-juridique-data-act-la-fin-du-contrat-cloud-a-sens-unique\/\">c&#8217;est ici<\/a>.<\/p>","protected":false},"excerpt":{"rendered":"<p>Sorry, this entry is only available in FR. For the sake of viewer convenience, the content is shown below in the alternative language. You may click the link to switch the active language.Ma\u00eetre Alexandra Iteanu d\u00e9crypte dans cet article publi\u00e9 dans le magazine Solutions Num\u00e9riques le Data Act, R\u00e8glement communautaire entr\u00e9 en application le 12 [&hellip;]<\/p>\n","protected":false},"author":5,"featured_media":41771,"comment_status":"closed","ping_status":"closed","sticky":false,"template":"","format":"standard","meta":{"footnotes":""},"categories":[1],"tags":[],"class_list":["post-41768","post","type-post","status-publish","format-standard","has-post-thumbnail","hentry","category-news"],"acf":[],"_links":{"self":[{"href":"https:\/\/www.iteanu.law\/en\/wp-json\/wp\/v2\/posts\/41768","targetHints":{"allow":["GET"]}}],"collection":[{"href":"https:\/\/www.iteanu.law\/en\/wp-json\/wp\/v2\/posts"}],"about":[{"href":"https:\/\/www.iteanu.law\/en\/wp-json\/wp\/v2\/types\/post"}],"author":[{"embeddable":true,"href":"https:\/\/www.iteanu.law\/en\/wp-json\/wp\/v2\/users\/5"}],"replies":[{"embeddable":true,"href":"https:\/\/www.iteanu.law\/en\/wp-json\/wp\/v2\/comments?post=41768"}],"version-history":[{"count":3,"href":"https:\/\/www.iteanu.law\/en\/wp-json\/wp\/v2\/posts\/41768\/revisions"}],"predecessor-version":[{"id":42007,"href":"https:\/\/www.iteanu.law\/en\/wp-json\/wp\/v2\/posts\/41768\/revisions\/42007"}],"wp:featuredmedia":[{"embeddable":true,"href":"https:\/\/www.iteanu.law\/en\/wp-json\/wp\/v2\/media\/41771"}],"wp:attachment":[{"href":"https:\/\/www.iteanu.law\/en\/wp-json\/wp\/v2\/media?parent=41768"}],"wp:term":[{"taxonomy":"category","embeddable":true,"href":"https:\/\/www.iteanu.law\/en\/wp-json\/wp\/v2\/categories?post=41768"},{"taxonomy":"post_tag","embeddable":true,"href":"https:\/\/www.iteanu.law\/en\/wp-json\/wp\/v2\/tags?post=41768"}],"curies":[{"name":"wp","href":"https:\/\/api.w.org\/{rel}","templated":true}]}}