{"id":39657,"date":"2024-10-20T20:49:25","date_gmt":"2024-10-20T18:49:25","guid":{"rendered":"https:\/\/www.iteanu.law\/?p=39657"},"modified":"2024-10-20T20:54:49","modified_gmt":"2024-10-20T18:54:49","slug":"15-oct-2024-rgpd-dpo-et-avocats-interview-de-me-alexandra-iteanu","status":"publish","type":"post","link":"https:\/\/www.iteanu.law\/en\/15-oct-2024-rgpd-dpo-et-avocats-interview-de-me-alexandra-iteanu\/","title":{"rendered":"(15 Oct. 2024) RGPD, DPO et Avocats, interview de Me Alexandra ITEANU"},"content":{"rendered":"<p class=\"qtranxs-available-languages-message qtranxs-available-languages-message-en\">Sorry, this entry is only available in <a href=\"https:\/\/www.iteanu.law\/fr\/wp-json\/wp\/v2\/posts\/39657\" class=\"qtranxs-available-language-link qtranxs-available-language-link-fr\" title=\"FR\">FR<\/a>. For the sake of viewer convenience, the content is shown below in the alternative language. You may click the link to switch the active language.<\/p><p>En six questions, sur le magazine du droit du num\u00e9rique Lexweb, Ma\u00eetre Alexandra Iteanu donne sa vision du <a href=\"https:\/\/eur-lex.europa.eu\/legal-content\/FR\/TXT\/?uri=CELEX%3A32016R0679\">RGPD<\/a> aujourd&#8217;hui en 2024 huit ans apr\u00e8s son entr\u00e9e en vigueur et six ans apr\u00e8s son entr\u00e9e en application, et des r\u00f4les du DPO et d&#8217;une Avocate ayant la pratique quotidienne du droit du num\u00e9rique comme elle\u00a0 :<\/p>\n<blockquote><p><strong>&#8220;<em>Etre DPO pour nous va au-del\u00e0 de faire respecter les dispositions du RGPD, il s\u2019agit \u00e9galement de s\u2019assurer que les obligations contractuelles sont<\/em><em> \u00e9quil<\/em><em>ibr\u00e9es<\/em><em> et surtout respect\u00e9es en pratique.&#8221;<\/em><\/strong><\/p><\/blockquote>\n<p>En clair, la mise en conformit\u00e9 au RGPD, son application m\u00eame qui doit en faire un atout pour l&#8217;entreprise qui fait l&#8217;effort de s&#8217;y contraindre, n\u00e9cessite d&#8217;aller au del\u00e0 du seul texte. Le RGPD, c&#8217;est du droit, mais tout le droit du num\u00e9rique n&#8217;est pas le RGPD.<\/p>\n<p>L&#8217;interview compl\u00e8te qui fait une synth\u00e8se de la question, peut lue <a href=\"http:\/\/www.lexweb.fr\/interview-de-maitre-alexandra-iteanu-les-enjeux-actuels-de-la-protection-des-donnees-personnelles\/\">ici<\/a>.<\/p>","protected":false},"excerpt":{"rendered":"<p>Sorry, this entry is only available in FR. For the sake of viewer convenience, the content is shown below in the alternative language. You may click the link to switch the active language.En six questions, sur le magazine du droit du num\u00e9rique Lexweb, Ma\u00eetre Alexandra Iteanu donne sa vision du RGPD aujourd&#8217;hui en 2024 huit [&hellip;]<\/p>\n","protected":false},"author":5,"featured_media":39659,"comment_status":"closed","ping_status":"closed","sticky":true,"template":"","format":"standard","meta":{"footnotes":""},"categories":[1,12],"tags":[],"class_list":["post-39657","post","type-post","status-publish","format-standard","has-post-thumbnail","hentry","category-news","category-revue-de-presse"],"acf":[],"_links":{"self":[{"href":"https:\/\/www.iteanu.law\/en\/wp-json\/wp\/v2\/posts\/39657","targetHints":{"allow":["GET"]}}],"collection":[{"href":"https:\/\/www.iteanu.law\/en\/wp-json\/wp\/v2\/posts"}],"about":[{"href":"https:\/\/www.iteanu.law\/en\/wp-json\/wp\/v2\/types\/post"}],"author":[{"embeddable":true,"href":"https:\/\/www.iteanu.law\/en\/wp-json\/wp\/v2\/users\/5"}],"replies":[{"embeddable":true,"href":"https:\/\/www.iteanu.law\/en\/wp-json\/wp\/v2\/comments?post=39657"}],"version-history":[{"count":6,"href":"https:\/\/www.iteanu.law\/en\/wp-json\/wp\/v2\/posts\/39657\/revisions"}],"predecessor-version":[{"id":39665,"href":"https:\/\/www.iteanu.law\/en\/wp-json\/wp\/v2\/posts\/39657\/revisions\/39665"}],"wp:featuredmedia":[{"embeddable":true,"href":"https:\/\/www.iteanu.law\/en\/wp-json\/wp\/v2\/media\/39659"}],"wp:attachment":[{"href":"https:\/\/www.iteanu.law\/en\/wp-json\/wp\/v2\/media?parent=39657"}],"wp:term":[{"taxonomy":"category","embeddable":true,"href":"https:\/\/www.iteanu.law\/en\/wp-json\/wp\/v2\/categories?post=39657"},{"taxonomy":"post_tag","embeddable":true,"href":"https:\/\/www.iteanu.law\/en\/wp-json\/wp\/v2\/tags?post=39657"}],"curies":[{"name":"wp","href":"https:\/\/api.w.org\/{rel}","templated":true}]}}