{"id":38957,"date":"2024-06-11T22:54:31","date_gmt":"2024-06-11T20:54:31","guid":{"rendered":"https:\/\/www.iteanu.law\/?p=38957"},"modified":"2024-06-11T22:59:07","modified_gmt":"2024-06-11T20:59:07","slug":"juin-2024-universite-de-paris-dauphine-le-reglement-sur-lia","status":"publish","type":"post","link":"https:\/\/www.iteanu.law\/en\/juin-2024-universite-de-paris-dauphine-le-reglement-sur-lia\/","title":{"rendered":"(Juin 2024) Universit\u00e9 de Paris Dauphine &#8211; le R\u00e8glement sur l&#8217;IA"},"content":{"rendered":"<p class=\"qtranxs-available-languages-message qtranxs-available-languages-message-en\">Sorry, this entry is only available in <a href=\"https:\/\/www.iteanu.law\/fr\/wp-json\/wp\/v2\/posts\/38957\" class=\"qtranxs-available-language-link qtranxs-available-language-link-fr\" title=\"FR\">FR<\/a>. For the sake of viewer convenience, the content is shown below in the alternative language. You may click the link to switch the active language.<\/p><p>Le <a href=\"https:\/\/data.consilium.europa.eu\/doc\/document\/PE-24-2024-INIT\/fr\/pdf\">r\u00e8glement europ\u00e9en<\/a> sur l\u2019Intelligence Artificielle doit entrer en vigueur \u00e0 l&#8217;\u00e9t\u00e9 2024.<\/p>\n<p>Il a la pr\u00e9tention de poser un cadre juridique uniforme pour permettre le d\u00e9veloppement et la mise sur le march\u00e9 europ\u00e9en de syst\u00e8mes d\u2019IA dignes de confiance.<\/p>\n<p>Alors que la Commission, le bureau europ\u00e9en de l\u2019IA, les r\u00e9gulateurs, les organismes de normalisation s\u2019att\u00e8lent \u00e0 l\u2019adoption de mesures pour faciliter la mise en \u0153uvre de ce r\u00e8glement, les fournisseurs, mais aussi les utilisateurs de syst\u00e8me d\u2019IA doivent commencer \u00e0 planifier leur mise en conformit\u00e9.<\/p>\n<p>Ma\u00eetre Alexandra Iteanu intervient dans ce colloque Universitaire, \u00e0 l&#8217;effet de mesurer l&#8217;apport de ce nouveau R\u00e8glement \u00e0 la question de la Cybers\u00e9curit\u00e9.<\/p>\n<p>Programme complet <a href=\"https:\/\/cr2d.dauphine.fr\/fr\/actualites\/detail-de-lactualite\/article\/le-reglement-europeen-sur-lia-et-au-dela-quel-encadrement-de-lia.html\">ici<\/a>.<\/p>","protected":false},"excerpt":{"rendered":"<p>Sorry, this entry is only available in FR. For the sake of viewer convenience, the content is shown below in the alternative language. You may click the link to switch the active language.Le r\u00e8glement europ\u00e9en sur l\u2019Intelligence Artificielle doit entrer en vigueur \u00e0 l&#8217;\u00e9t\u00e9 2024. Il a la pr\u00e9tention de poser un cadre juridique uniforme [&hellip;]<\/p>\n","protected":false},"author":5,"featured_media":38959,"comment_status":"closed","ping_status":"closed","sticky":true,"template":"","format":"standard","meta":{"footnotes":""},"categories":[5],"tags":[],"class_list":["post-38957","post","type-post","status-publish","format-standard","has-post-thumbnail","hentry","category-evenements"],"acf":[],"_links":{"self":[{"href":"https:\/\/www.iteanu.law\/en\/wp-json\/wp\/v2\/posts\/38957","targetHints":{"allow":["GET"]}}],"collection":[{"href":"https:\/\/www.iteanu.law\/en\/wp-json\/wp\/v2\/posts"}],"about":[{"href":"https:\/\/www.iteanu.law\/en\/wp-json\/wp\/v2\/types\/post"}],"author":[{"embeddable":true,"href":"https:\/\/www.iteanu.law\/en\/wp-json\/wp\/v2\/users\/5"}],"replies":[{"embeddable":true,"href":"https:\/\/www.iteanu.law\/en\/wp-json\/wp\/v2\/comments?post=38957"}],"version-history":[{"count":4,"href":"https:\/\/www.iteanu.law\/en\/wp-json\/wp\/v2\/posts\/38957\/revisions"}],"predecessor-version":[{"id":38962,"href":"https:\/\/www.iteanu.law\/en\/wp-json\/wp\/v2\/posts\/38957\/revisions\/38962"}],"wp:featuredmedia":[{"embeddable":true,"href":"https:\/\/www.iteanu.law\/en\/wp-json\/wp\/v2\/media\/38959"}],"wp:attachment":[{"href":"https:\/\/www.iteanu.law\/en\/wp-json\/wp\/v2\/media?parent=38957"}],"wp:term":[{"taxonomy":"category","embeddable":true,"href":"https:\/\/www.iteanu.law\/en\/wp-json\/wp\/v2\/categories?post=38957"},{"taxonomy":"post_tag","embeddable":true,"href":"https:\/\/www.iteanu.law\/en\/wp-json\/wp\/v2\/tags?post=38957"}],"curies":[{"name":"wp","href":"https:\/\/api.w.org\/{rel}","templated":true}]}}