{"id":38230,"date":"2024-02-27T22:28:57","date_gmt":"2024-02-27T21:28:57","guid":{"rendered":"https:\/\/www.iteanu.law\/?p=38230"},"modified":"2024-10-20T20:52:01","modified_gmt":"2024-10-20T18:52:01","slug":"15-fevrier-2024-actualites-du-rgpd-formation-intra-pour-rpp-group","status":"publish","type":"post","link":"https:\/\/www.iteanu.law\/en\/15-fevrier-2024-actualites-du-rgpd-formation-intra-pour-rpp-group\/","title":{"rendered":"(15 F\u00e9vrier 2024) &#8220;Actualit\u00e9s du RGPD&#8221; Formation intra pour Rpp Group"},"content":{"rendered":"<p class=\"qtranxs-available-languages-message qtranxs-available-languages-message-en\">Sorry, this entry is only available in <a href=\"https:\/\/www.iteanu.law\/fr\/wp-json\/wp\/v2\/posts\/38230\" class=\"qtranxs-available-language-link qtranxs-available-language-link-fr\" title=\"FR\">FR<\/a>. For the sake of viewer convenience, the content is shown below in the alternative language. You may click the link to switch the active language.<\/p><p><span class=\"break-words \"><span dir=\"ltr\">Ce 15 F\u00e9vrier 2024, Ma\u00eetres <a href=\"https:\/\/www.linkedin.com\/in\/ACoAABSC8uQBzThJ59oz-raf8Gdi0F6cBSuUCUs\" data-attribute-index=\"1\" data-entity-type=\"MINI_PROFILE\">Alexandra Iteanu<\/a> et <a href=\"https:\/\/www.linkedin.com\/in\/ACoAAB-l2fsB18NWh5ZKVXM1sJEgbH1FMIDEfqQ\" data-attribute-index=\"3\" data-entity-type=\"MINI_PROFILE\">Am\u00e9lia Assor<\/a> ont eu le plaisir de recevoir en notre Cabinet et de former les membres de <a href=\"https:\/\/www.linkedin.com\/company\/rppgroup\/\" data-attribute-index=\"5\" data-entity-type=\"MINI_COMPANY\">RPP Group<\/a> sur les enjeux de la protection des <a href=\"https:\/\/www.linkedin.com\/feed\/hashtag\/?keywords=donn%C3%A9es&amp;highlightedUpdateUrns=urn%3Ali%3Aactivity%3A7164172038352404480\" data-attribute-index=\"7\">#donn\u00e9es<\/a> <a href=\"https:\/\/www.linkedin.com\/feed\/hashtag\/?keywords=rgpd&amp;highlightedUpdateUrns=urn%3Ali%3Aactivity%3A7164172038352404480\" data-attribute-index=\"8\">#RGPD<\/a>, les bonnes pratiques \u00e0 mettre en place et les derni\u00e8res actualit\u00e9s <a href=\"https:\/\/www.linkedin.com\/feed\/hashtag\/?keywords=cnil&amp;highlightedUpdateUrns=urn%3Ali%3Aactivity%3A7164172038352404480\" data-attribute-index=\"9\">#CNIL<\/a> dans leur secteur d&#8217;affaires publiques.<\/span><\/span><\/p>\n<p>Merci <a href=\"https:\/\/www.linkedin.com\/in\/ACoAAAtpgOQBZ0IofqdT3LiuoWuUDKNj-HGq6Ys\" data-attribute-index=\"10\" data-entity-type=\"MINI_PROFILE\">Salom\u00e9 Chelli-Enriquez<\/a> <a href=\"https:\/\/www.linkedin.com\/in\/ACoAAAD68T8BmJPpnb-110W8pzdPKt3TbFyPKTo\" data-attribute-index=\"12\" data-entity-type=\"MINI_PROFILE\">Romuald Petrucci<\/a> pour leur confiance !<\/p>\n<p><a href=\"https:\/\/rpp-group.com\/fr\/\">RPP<\/a> a \u00e9t\u00e9 cr\u00e9\u00e9e par Sebastien Rohde \u00e0 Bruxelles en 2002 (sous le nom Rohde Public Policy), afin de fournir de nouveaux services \u00e0 ses clients &#8211; une id\u00e9e qui a perdur\u00e9. Depuis lors, RPP a ouvert des bureaux \u00e0 Berlin, Londres, Paris, Rome, Vienne, Madrid et Canberra pour \u00e9tendre ses programmes strat\u00e9giques \u00e0 de nouveaux march\u00e9s. L&#8217;expertise de RPP se concentrait initialement sur le seul secteur de la sant\u00e9.<\/p>\n<p>En 2016, RPP a pris un nouveau tournant en s&#8217;ouvrant, apr\u00e8s 14 ans d&#8217;exp\u00e9rience dans les affaires publiques dans la sant\u00e9, \u00e0 de nouveaux secteurs en pleine transformation op\u00e9rationnelle et technologique.<\/p>","protected":false},"excerpt":{"rendered":"<p>Sorry, this entry is only available in FR. For the sake of viewer convenience, the content is shown below in the alternative language. You may click the link to switch the active language.Ce 15 F\u00e9vrier 2024, Ma\u00eetres Alexandra Iteanu et Am\u00e9lia Assor ont eu le plaisir de recevoir en notre Cabinet et de former les [&hellip;]<\/p>\n","protected":false},"author":5,"featured_media":38231,"comment_status":"closed","ping_status":"closed","sticky":false,"template":"","format":"standard","meta":{"footnotes":""},"categories":[1],"tags":[],"class_list":["post-38230","post","type-post","status-publish","format-standard","has-post-thumbnail","hentry","category-news"],"acf":[],"_links":{"self":[{"href":"https:\/\/www.iteanu.law\/en\/wp-json\/wp\/v2\/posts\/38230","targetHints":{"allow":["GET"]}}],"collection":[{"href":"https:\/\/www.iteanu.law\/en\/wp-json\/wp\/v2\/posts"}],"about":[{"href":"https:\/\/www.iteanu.law\/en\/wp-json\/wp\/v2\/types\/post"}],"author":[{"embeddable":true,"href":"https:\/\/www.iteanu.law\/en\/wp-json\/wp\/v2\/users\/5"}],"replies":[{"embeddable":true,"href":"https:\/\/www.iteanu.law\/en\/wp-json\/wp\/v2\/comments?post=38230"}],"version-history":[{"count":2,"href":"https:\/\/www.iteanu.law\/en\/wp-json\/wp\/v2\/posts\/38230\/revisions"}],"predecessor-version":[{"id":39661,"href":"https:\/\/www.iteanu.law\/en\/wp-json\/wp\/v2\/posts\/38230\/revisions\/39661"}],"wp:featuredmedia":[{"embeddable":true,"href":"https:\/\/www.iteanu.law\/en\/wp-json\/wp\/v2\/media\/38231"}],"wp:attachment":[{"href":"https:\/\/www.iteanu.law\/en\/wp-json\/wp\/v2\/media?parent=38230"}],"wp:term":[{"taxonomy":"category","embeddable":true,"href":"https:\/\/www.iteanu.law\/en\/wp-json\/wp\/v2\/categories?post=38230"},{"taxonomy":"post_tag","embeddable":true,"href":"https:\/\/www.iteanu.law\/en\/wp-json\/wp\/v2\/tags?post=38230"}],"curies":[{"name":"wp","href":"https:\/\/api.w.org\/{rel}","templated":true}]}}