{"id":37791,"date":"2023-12-25T16:43:36","date_gmt":"2023-12-25T15:43:36","guid":{"rendered":"https:\/\/www.iteanu.law\/?p=37791"},"modified":"2024-01-15T22:28:33","modified_gmt":"2024-01-15T21:28:33","slug":"12-decembre-2023-la-directive-nis2-dans-les-grands-themas-du-monde-informatique-cio","status":"publish","type":"post","link":"https:\/\/www.iteanu.law\/en\/12-decembre-2023-la-directive-nis2-dans-les-grands-themas-du-monde-informatique-cio\/","title":{"rendered":"(12 D\u00e9cembre 2023)(vid\u00e9o) La Directive NIS2 expliqu\u00e9e"},"content":{"rendered":"<p class=\"qtranxs-available-languages-message qtranxs-available-languages-message-en\">Sorry, this entry is only available in <a href=\"https:\/\/www.iteanu.law\/fr\/wp-json\/wp\/v2\/posts\/37791\" class=\"qtranxs-available-language-link qtranxs-available-language-link-fr\" title=\"FR\">FR<\/a>. For the sake of viewer convenience, the content is shown below in the alternative language. You may click the link to switch the active language.<\/p><p>Olivier Iteanu est intervenu dans <a href=\"https:\/\/themas.lemondeinformatique.fr\/thema\/lentreprise-datadriven\/\">les grands th\u00e9mas<\/a> organis\u00e9s le 12 D\u00e9cembre 2023 par le magazine <a href=\"https:\/\/www.lemondeinformatique.fr\/toute-l-actualite-marque-sur-cio-2686.html\">CIO Le Monde Informatique<\/a> \u00e0 Paris, au sein du stade du Parc des Princes, porte de Saint-Cloud.<\/p>\n<p>Olivier Iteanu y intervenait sur le th\u00e8me de <a href=\"https:\/\/eur-lex.europa.eu\/legal-content\/FR\/TXT\/?uri=CELEX%3A32022L2555\">la Directive NIS2<\/a> au coeur du th\u00e8me de la journ\u00e9e, l&#8217;entreprise Data Driven.<\/p>\n<p>Il s&#8217;agit d&#8217;une Directive qui a pour objectif d&#8217;instaurer des mesures destin\u00e9es \u00e0 assurer un niveau \u00e9lev\u00e9 commun de cybers\u00e9curit\u00e9 dans l\u2019ensemble de l\u2019Union.<\/p>\n<p>Cette Directive est int\u00e9ressante \u00e0 plusieurs niveaux.<\/p>\n<p>Tout d&#8217;abord, elle confirme que la relation des entreprises \u00e0 la Loi n&#8217;est plus dans le domaine de la recherche d&#8217;une protection de la Loi, comme le Code P\u00e9nal l&#8217;a toujours accord\u00e9 aux entreprises, mais qu&#8217;elle instaure d\u00e9sormais une relation d&#8217;autorit\u00e9 \u00e0 oblig\u00e9s que seront les entreprises d\u00e9sormais contraintes de mettre en place des obligations de s\u00e9curit\u00e9 en termes techniques et organisationnels, la Directive ajoute m\u00eame en termes op\u00e9rationnels, sous peine d&#8217;\u00eatre sanctionn\u00e9es.<\/p>\n<p>La Directive pr\u00e9sente par ailleurs, une architecture proche du RGPD en ce qu&#8217;elle instaure une obligation de notification en cas d&#8217;incidents majeurs, sous peine, si elle n&#8217;est pas respect\u00e9e, l\u00e0 encore de sanctions.<\/p>\n<p>Enfin, comme pour le RGPD, cette Directive instaure des sanctions administratives \u00e0 l&#8217;encontre de tous contrevenants qui pourront \u00eatre fonction, notamment, d&#8217;un pourcentage sur le chiffre d&#8217;affaires dudit contrevenant.<\/p>\n<p>La Directive doit \u00eatre transpos\u00e9e par chaque Etat membre de l&#8217;Union Europ\u00e9enne, avant le 18 Octobre 2024.<\/p>\n<p>Un texte tr\u00e8s ambitieux et qui va durablement bouleverser le droit de la cybers\u00e9curit\u00e9.<\/p>\n<p>La vid\u00e9o de l&#8217;intervention et de l&#8217;\u00e9change avec\u00a0 Olivier Coredo, peut \u00eatre vue <a href=\"https:\/\/themas.lemondeinformatique.fr\/thema\/lentreprise-datadriven\/\">ici<\/a>.<\/p>\n<p><\/p>","protected":false},"excerpt":{"rendered":"<p>Sorry, this entry is only available in FR. For the sake of viewer convenience, the content is shown below in the alternative language. You may click the link to switch the active language.Olivier Iteanu est intervenu dans les grands th\u00e9mas organis\u00e9s le 12 D\u00e9cembre 2023 par le magazine CIO Le Monde Informatique \u00e0 Paris, au [&hellip;]<\/p>\n","protected":false},"author":5,"featured_media":37792,"comment_status":"closed","ping_status":"closed","sticky":true,"template":"","format":"standard","meta":{"footnotes":""},"categories":[7],"tags":[],"class_list":["post-37791","post","type-post","status-publish","format-standard","has-post-thumbnail","hentry","category-publications"],"acf":[],"_links":{"self":[{"href":"https:\/\/www.iteanu.law\/en\/wp-json\/wp\/v2\/posts\/37791","targetHints":{"allow":["GET"]}}],"collection":[{"href":"https:\/\/www.iteanu.law\/en\/wp-json\/wp\/v2\/posts"}],"about":[{"href":"https:\/\/www.iteanu.law\/en\/wp-json\/wp\/v2\/types\/post"}],"author":[{"embeddable":true,"href":"https:\/\/www.iteanu.law\/en\/wp-json\/wp\/v2\/users\/5"}],"replies":[{"embeddable":true,"href":"https:\/\/www.iteanu.law\/en\/wp-json\/wp\/v2\/comments?post=37791"}],"version-history":[{"count":4,"href":"https:\/\/www.iteanu.law\/en\/wp-json\/wp\/v2\/posts\/37791\/revisions"}],"predecessor-version":[{"id":37899,"href":"https:\/\/www.iteanu.law\/en\/wp-json\/wp\/v2\/posts\/37791\/revisions\/37899"}],"wp:featuredmedia":[{"embeddable":true,"href":"https:\/\/www.iteanu.law\/en\/wp-json\/wp\/v2\/media\/37792"}],"wp:attachment":[{"href":"https:\/\/www.iteanu.law\/en\/wp-json\/wp\/v2\/media?parent=37791"}],"wp:term":[{"taxonomy":"category","embeddable":true,"href":"https:\/\/www.iteanu.law\/en\/wp-json\/wp\/v2\/categories?post=37791"},{"taxonomy":"post_tag","embeddable":true,"href":"https:\/\/www.iteanu.law\/en\/wp-json\/wp\/v2\/tags?post=37791"}],"curies":[{"name":"wp","href":"https:\/\/api.w.org\/{rel}","templated":true}]}}