{"id":37265,"date":"2023-08-15T11:24:33","date_gmt":"2023-08-15T09:24:33","guid":{"rendered":"https:\/\/www.iteanu.law\/?p=37265"},"modified":"2023-12-25T16:24:29","modified_gmt":"2023-12-25T15:24:29","slug":"septembre-2023-redaction-dun-contrat-informatique-complexe","status":"publish","type":"post","link":"https:\/\/www.iteanu.law\/en\/septembre-2023-redaction-dun-contrat-informatique-complexe\/","title":{"rendered":"(Septembre 2023) R\u00e9daction d&#8217;un contrat informatique complexe"},"content":{"rendered":"<p class=\"qtranxs-available-languages-message qtranxs-available-languages-message-en\">Sorry, this entry is only available in <a href=\"https:\/\/www.iteanu.law\/fr\/wp-json\/wp\/v2\/posts\/37265\" class=\"qtranxs-available-language-link qtranxs-available-language-link-fr\" title=\"FR\">FR<\/a>. For the sake of viewer convenience, the content is shown below in the alternative language. You may click the link to switch the active language.<\/p><p>Ma\u00eetres Olivier Iteanu et Raoul Fuentes forment les Avocats en exercice, dans le cadre de leur formation continue obligatoire, \u00e0 la r\u00e9daction d&#8217;un contrat informatique complexe.<\/p>\n<p>Cet atelier de r\u00e9daction de contrat est propos\u00e9 par l&#8217;Ecole de Formation professionnelle des Barreaux de la Cour d&#8217;appel de Paris, dite <a href=\"https:\/\/wpvit.efb.fr\/\">EFB<\/a>.<\/p>\n<p>La formation se tient le <strong>Vendredi 22 Septembre 2023 de 9 heures \u00e0 12 heures<\/strong>, en pr\u00e9sentiel, dans les locaux de l&#8217;Ecole Fran\u00e7aise des Barreaux.<\/p>\n<p>Le contrat informatique est un contrat qui peut \u00eatre qualifi\u00e9 de complexe, dans la mesure o\u00f9 il m\u00eale diverses disciplines.<\/p>\n<p>En premier lieu et bien, sur le droit des obligations (contrat), agr\u00e9ment\u00e9 de pratiques particuli\u00e8res et d&#8217;une terminologie propre qui n\u00e9cessite le recours \u00e0 un article <em>d\u00e9finitions<\/em>.<\/p>\n<p>Le plus souvent, on y retrouve \u00e9galement le droit de la propri\u00e9t\u00e9 intellectuelle appliqu\u00e9 aux logiciels, aux donn\u00e9es \u00e9ventuellement structur\u00e9es en base de donn\u00e9es au sens du Code de la Propri\u00e9t\u00e9 Intellectuelle ou pas, voire des cr\u00e9ations num\u00e9riques, par exemple des personnages ou des d\u00e9cors sp\u00e9cialement con\u00e7us et cr\u00e9\u00e9s dans le domaine du jeu vid\u00e9o.<\/p>\n<p>Par ailleurs, avec l&#8217;av\u00e8nement du cloud computing, la partie relative aux donn\u00e9es potentiellement confi\u00e9es au prestataire informatique par le client, notamment donn\u00e9es \u00e0 caract\u00e8re personnel, prend de l&#8217;ampleur.<\/p>\n<p>Enfin, le contrat informatique a n\u00e9cessairement une dimension technique qui doit \u00eatre encapsul\u00e9e au sein du contrat, laquelle peut \u00e9galement toucher \u00e0 la cybers\u00e9curit\u00e9.<\/p>\n<p>C&#8217;est un honneur pour Iteanu Avocats de pouvoir contribuer dans le cadre de nos institutions ordinales, \u00e0 partager son savoir ancien de plus de 30 ans dans cette pratique su particuli\u00e8re, incluant des centaines si ce n&#8217;est des milliers de contrats auxquels nous avons contribu\u00e9.<\/p>\n<p>Renseignements sur le programme et inscriptions, c&#8217;est <a href=\"https:\/\/wpvit.efb.fr\/index.php\/acf_formation\/atelier-de-redaction-dun-contrat-informatique-complexe\/\">ici<\/a>.<\/p>","protected":false},"excerpt":{"rendered":"<p>Sorry, this entry is only available in FR. For the sake of viewer convenience, the content is shown below in the alternative language. You may click the link to switch the active language.Ma\u00eetres Olivier Iteanu et Raoul Fuentes forment les Avocats en exercice, dans le cadre de leur formation continue obligatoire, \u00e0 la r\u00e9daction d&#8217;un [&hellip;]<\/p>\n","protected":false},"author":5,"featured_media":37266,"comment_status":"closed","ping_status":"closed","sticky":false,"template":"","format":"standard","meta":{"footnotes":""},"categories":[14],"tags":[],"class_list":["post-37265","post","type-post","status-publish","format-standard","has-post-thumbnail","hentry","category-formations"],"acf":[],"_links":{"self":[{"href":"https:\/\/www.iteanu.law\/en\/wp-json\/wp\/v2\/posts\/37265","targetHints":{"allow":["GET"]}}],"collection":[{"href":"https:\/\/www.iteanu.law\/en\/wp-json\/wp\/v2\/posts"}],"about":[{"href":"https:\/\/www.iteanu.law\/en\/wp-json\/wp\/v2\/types\/post"}],"author":[{"embeddable":true,"href":"https:\/\/www.iteanu.law\/en\/wp-json\/wp\/v2\/users\/5"}],"replies":[{"embeddable":true,"href":"https:\/\/www.iteanu.law\/en\/wp-json\/wp\/v2\/comments?post=37265"}],"version-history":[{"count":4,"href":"https:\/\/www.iteanu.law\/en\/wp-json\/wp\/v2\/posts\/37265\/revisions"}],"predecessor-version":[{"id":37785,"href":"https:\/\/www.iteanu.law\/en\/wp-json\/wp\/v2\/posts\/37265\/revisions\/37785"}],"wp:featuredmedia":[{"embeddable":true,"href":"https:\/\/www.iteanu.law\/en\/wp-json\/wp\/v2\/media\/37266"}],"wp:attachment":[{"href":"https:\/\/www.iteanu.law\/en\/wp-json\/wp\/v2\/media?parent=37265"}],"wp:term":[{"taxonomy":"category","embeddable":true,"href":"https:\/\/www.iteanu.law\/en\/wp-json\/wp\/v2\/categories?post=37265"},{"taxonomy":"post_tag","embeddable":true,"href":"https:\/\/www.iteanu.law\/en\/wp-json\/wp\/v2\/tags?post=37265"}],"curies":[{"name":"wp","href":"https:\/\/api.w.org\/{rel}","templated":true}]}}