{"id":37175,"date":"2023-02-15T18:23:29","date_gmt":"2023-02-15T17:23:29","guid":{"rendered":"https:\/\/www.iteanu.law\/?p=37175"},"modified":"2023-07-20T18:26:39","modified_gmt":"2023-07-20T16:26:39","slug":"31-janvier-2023-cookies-quand-les-cnil-europeennes-sen-melent","status":"publish","type":"post","link":"https:\/\/www.iteanu.law\/en\/31-janvier-2023-cookies-quand-les-cnil-europeennes-sen-melent\/","title":{"rendered":"(31 Janvier 2023) Cookies, quand les CNIL europ\u00e9ennes s&#8217;en m\u00e8lent"},"content":{"rendered":"<p class=\"qtranxs-available-languages-message qtranxs-available-languages-message-en\">Sorry, this entry is only available in <a href=\"https:\/\/www.iteanu.law\/fr\/wp-json\/wp\/v2\/posts\/37175\" class=\"qtranxs-available-language-link qtranxs-available-language-link-fr\" title=\"FR\">FR<\/a>. For the sake of viewer convenience, the content is shown below in the alternative language. You may click the link to switch the active language.<\/p><p>Le Comit\u00e9 europ\u00e9en de la protection des donn\u00e9es (<a href=\"https:\/\/edps.europa.eu\/_fr\">CEPD<\/a>), qui f\u00e9d\u00e8re l\u2019ensemble des Cnil europ\u00e9ennes, vient d\u2019adopter une position commune sur les plaintes concernant les \u00ab\u00a0bandeaux cookies\u00a0\u00bb, ces pop-up mis en place par les \u00e9diteurs sur leurs sites web pour accepter ou refuser les cookies. Alexandra Iteanu, avocat \u00e0 la Cour (Num\u00e9rique, Cybers\u00e9curit\u00e9 et Data), nous livre son analyse.<\/p>\n<p>Interview d&#8217;Alexandra Iteanu sur Alliancy, c&#8217;est <a href=\"https:\/\/www.alliancy.fr\/gestion-cookies-rapport-cepd\">ici<\/a>.<\/p>","protected":false},"excerpt":{"rendered":"<p>Sorry, this entry is only available in FR. For the sake of viewer convenience, the content is shown below in the alternative language. You may click the link to switch the active language.Le Comit\u00e9 europ\u00e9en de la protection des donn\u00e9es (CEPD), qui f\u00e9d\u00e8re l\u2019ensemble des Cnil europ\u00e9ennes, vient d\u2019adopter une position commune sur les plaintes [&hellip;]<\/p>\n","protected":false},"author":5,"featured_media":32870,"comment_status":"closed","ping_status":"closed","sticky":false,"template":"","format":"standard","meta":{"footnotes":""},"categories":[1,12],"tags":[],"class_list":["post-37175","post","type-post","status-publish","format-standard","has-post-thumbnail","hentry","category-news","category-revue-de-presse"],"acf":[],"_links":{"self":[{"href":"https:\/\/www.iteanu.law\/en\/wp-json\/wp\/v2\/posts\/37175","targetHints":{"allow":["GET"]}}],"collection":[{"href":"https:\/\/www.iteanu.law\/en\/wp-json\/wp\/v2\/posts"}],"about":[{"href":"https:\/\/www.iteanu.law\/en\/wp-json\/wp\/v2\/types\/post"}],"author":[{"embeddable":true,"href":"https:\/\/www.iteanu.law\/en\/wp-json\/wp\/v2\/users\/5"}],"replies":[{"embeddable":true,"href":"https:\/\/www.iteanu.law\/en\/wp-json\/wp\/v2\/comments?post=37175"}],"version-history":[{"count":2,"href":"https:\/\/www.iteanu.law\/en\/wp-json\/wp\/v2\/posts\/37175\/revisions"}],"predecessor-version":[{"id":37177,"href":"https:\/\/www.iteanu.law\/en\/wp-json\/wp\/v2\/posts\/37175\/revisions\/37177"}],"wp:featuredmedia":[{"embeddable":true,"href":"https:\/\/www.iteanu.law\/en\/wp-json\/wp\/v2\/media\/32870"}],"wp:attachment":[{"href":"https:\/\/www.iteanu.law\/en\/wp-json\/wp\/v2\/media?parent=37175"}],"wp:term":[{"taxonomy":"category","embeddable":true,"href":"https:\/\/www.iteanu.law\/en\/wp-json\/wp\/v2\/categories?post=37175"},{"taxonomy":"post_tag","embeddable":true,"href":"https:\/\/www.iteanu.law\/en\/wp-json\/wp\/v2\/tags?post=37175"}],"curies":[{"name":"wp","href":"https:\/\/api.w.org\/{rel}","templated":true}]}}