{"id":37041,"date":"2023-04-24T22:37:02","date_gmt":"2023-04-24T20:37:02","guid":{"rendered":"https:\/\/www.iteanu.law\/?p=37041"},"modified":"2023-06-14T22:40:10","modified_gmt":"2023-06-14T20:40:10","slug":"21-avril-2023-sortir-du-cloud-public","status":"publish","type":"post","link":"https:\/\/www.iteanu.law\/en\/21-avril-2023-sortir-du-cloud-public\/","title":{"rendered":"(21 Avril 2023) Sortir du Cloud public"},"content":{"rendered":"<p class=\"qtranxs-available-languages-message qtranxs-available-languages-message-en\">Sorry, this entry is only available in <a href=\"https:\/\/www.iteanu.law\/fr\/wp-json\/wp\/v2\/posts\/37041\" class=\"qtranxs-available-language-link qtranxs-available-language-link-fr\" title=\"FR\">FR<\/a>. For the sake of viewer convenience, the content is shown below in the alternative language. You may click the link to switch the active language.<\/p><p><span class=\"break-words\"><span dir=\"ltr\">Ma\u00eetre Alexandra Iteanu intervient au Salon <a href=\"https:\/\/www.linkedin.com\/company\/cloudsecurity\/\" data-attribute-index=\"0\" data-entity-type=\"MINI_COMPANY\">Cloud+Security Forum<\/a> ce jeudi 20 avril \u00e0 11h30 sur le th\u00e8me <em>&#8220;Sortir du <a href=\"https:\/\/www.linkedin.com\/feed\/hashtag\/?keywords=cloudpublic&amp;highlightedUpdateUrns=urn%3Ali%3Aactivity%3A7054350297313280000\" data-attribute-index=\"2\">#Cloudpublic<\/a>: pourquoi et comment d\u00e9placer des infrastructures <a href=\"https:\/\/www.linkedin.com\/feed\/hashtag\/?keywords=it&amp;highlightedUpdateUrns=urn%3Ali%3Aactivity%3A7054350297313280000\" data-attribute-index=\"3\">#IT<\/a> vers ses propres sites ou \u00e0 proximit\u00e9 ?<\/em>&#8221;<br \/>\n<\/span><\/span><\/p>\n<p><span class=\"break-words\"><span dir=\"ltr\">La conf\u00e9rence est anim\u00e9e par <a href=\"https:\/\/www.linkedin.com\/in\/olibou\/?original_referer=https%3A%2F%2Fwww%2Egoogle%2Ecom%2F&amp;originalSubdomain=fr\">Olivier Bouzereau<\/a>, et au c\u00f4t\u00e9 de <a href=\"https:\/\/www.linkedin.com\/in\/harlow-fres-76589922\/\">Harlow Fres<\/a> et Yohan PARENT.<\/span><\/span><\/p>\n<p>Ce sera l&#8217;occasion de parler de <a href=\"https:\/\/www.linkedin.com\/feed\/hashtag\/?keywords=contratcloud&amp;highlightedUpdateUrns=urn%3Ali%3Aactivity%3A7054350297313280000\" data-attribute-index=\"8\">#contratcloud<\/a>, de <a href=\"https:\/\/www.linkedin.com\/feed\/hashtag\/?keywords=r%C3%A9versibilit%C3%A9&amp;highlightedUpdateUrns=urn%3Ali%3Aactivity%3A7054350297313280000\" data-attribute-index=\"9\">#r\u00e9versibilit\u00e9<\/a> et de <a href=\"https:\/\/www.linkedin.com\/feed\/hashtag\/?keywords=responsabilit%C3%A9&amp;highlightedUpdateUrns=urn%3Ali%3Aactivity%3A7054350297313280000\" data-attribute-index=\"10\">#responsabilit\u00e9<\/a> des offreurs et h\u00e9bergeurs.<\/p>\n<p>Renseignement et inscription <a href=\"https:\/\/www.salon-cloud-security.com\/visiter.php\">ici<\/a>.<\/p>\n<p><span class=\"break-words\"><span dir=\"ltr\">Prochaine \u00e9dition du Slon Cloud+Security Forum les 3 et 4 Avril 2024 \u00e0 Paris.<\/span><\/span><\/p>\n<p><a href=\"https:\/\/www.linkedin.com\/feed\/hashtag\/?keywords=h%C3%A9bergement&amp;highlightedUpdateUrns=urn%3Ali%3Aactivity%3A7054350297313280000\" data-attribute-index=\"11\">#h\u00e9bergement<\/a> <a href=\"https:\/\/www.linkedin.com\/feed\/hashtag\/?keywords=souverainet%C3%A9&amp;highlightedUpdateUrns=urn%3Ali%3Aactivity%3A7054350297313280000\" data-attribute-index=\"12\">#souverainet\u00e9<\/a> <a href=\"https:\/\/www.linkedin.com\/feed\/hashtag\/?keywords=cybers%C3%A9curit%C3%A9&amp;highlightedUpdateUrns=urn%3Ali%3Aactivity%3A7054350297313280000\" data-attribute-index=\"13\">#cybers\u00e9curit\u00e9<\/a> <a href=\"https:\/\/www.linkedin.com\/feed\/hashtag\/?keywords=datacenter&amp;highlightedUpdateUrns=urn%3Ali%3Aactivity%3A7054350297313280000\" data-attribute-index=\"14\">#datacenter<\/a><\/p>","protected":false},"excerpt":{"rendered":"<p>Sorry, this entry is only available in FR. For the sake of viewer convenience, the content is shown below in the alternative language. You may click the link to switch the active language.Ma\u00eetre Alexandra Iteanu intervient au Salon Cloud+Security Forum ce jeudi 20 avril \u00e0 11h30 sur le th\u00e8me &#8220;Sortir du #Cloudpublic: pourquoi et comment [&hellip;]<\/p>\n","protected":false},"author":5,"featured_media":37042,"comment_status":"closed","ping_status":"closed","sticky":false,"template":"","format":"standard","meta":{"footnotes":""},"categories":[5],"tags":[],"class_list":["post-37041","post","type-post","status-publish","format-standard","has-post-thumbnail","hentry","category-evenements"],"acf":[],"_links":{"self":[{"href":"https:\/\/www.iteanu.law\/en\/wp-json\/wp\/v2\/posts\/37041","targetHints":{"allow":["GET"]}}],"collection":[{"href":"https:\/\/www.iteanu.law\/en\/wp-json\/wp\/v2\/posts"}],"about":[{"href":"https:\/\/www.iteanu.law\/en\/wp-json\/wp\/v2\/types\/post"}],"author":[{"embeddable":true,"href":"https:\/\/www.iteanu.law\/en\/wp-json\/wp\/v2\/users\/5"}],"replies":[{"embeddable":true,"href":"https:\/\/www.iteanu.law\/en\/wp-json\/wp\/v2\/comments?post=37041"}],"version-history":[{"count":3,"href":"https:\/\/www.iteanu.law\/en\/wp-json\/wp\/v2\/posts\/37041\/revisions"}],"predecessor-version":[{"id":37045,"href":"https:\/\/www.iteanu.law\/en\/wp-json\/wp\/v2\/posts\/37041\/revisions\/37045"}],"wp:featuredmedia":[{"embeddable":true,"href":"https:\/\/www.iteanu.law\/en\/wp-json\/wp\/v2\/media\/37042"}],"wp:attachment":[{"href":"https:\/\/www.iteanu.law\/en\/wp-json\/wp\/v2\/media?parent=37041"}],"wp:term":[{"taxonomy":"category","embeddable":true,"href":"https:\/\/www.iteanu.law\/en\/wp-json\/wp\/v2\/categories?post=37041"},{"taxonomy":"post_tag","embeddable":true,"href":"https:\/\/www.iteanu.law\/en\/wp-json\/wp\/v2\/tags?post=37041"}],"curies":[{"name":"wp","href":"https:\/\/api.w.org\/{rel}","templated":true}]}}