{"id":36989,"date":"2023-05-25T16:46:35","date_gmt":"2023-05-25T14:46:35","guid":{"rendered":"https:\/\/www.iteanu.law\/?p=36989"},"modified":"2023-11-09T18:29:44","modified_gmt":"2023-11-09T17:29:44","slug":"22-mai-2023-5ans-le-droit-a-besoin-du-rgpd-et-le-rgpd-a-besoin-du-droit","status":"publish","type":"post","link":"https:\/\/www.iteanu.law\/en\/22-mai-2023-5ans-le-droit-a-besoin-du-rgpd-et-le-rgpd-a-besoin-du-droit\/","title":{"rendered":"22 Mai 2023 Apr\u00e8s 5ans, le droit a besoin du RGPD\u2026 et le RGPD a besoin du droit !"},"content":{"rendered":"<p class=\"qtranxs-available-languages-message qtranxs-available-languages-message-en\">Sorry, this entry is only available in <a href=\"https:\/\/www.iteanu.law\/fr\/wp-json\/wp\/v2\/posts\/36989\" class=\"qtranxs-available-language-link qtranxs-available-language-link-fr\" title=\"FR\">FR<\/a>. For the sake of viewer convenience, the content is shown below in the alternative language. You may click the link to switch the active language.<\/p><p>Le 25 mai 2023, le <a href=\"https:\/\/eur-lex.europa.eu\/legal-content\/FR\/TXT\/?uri=CELEX%3A32016R0679\">R\u00e8glement UE 2016\/679<\/a> dit R\u00e8glement G\u00e9n\u00e9ral sur la Protection des Donn\u00e9es ou RGPD, f\u00eatera ses cinq ans, l\u2019occasion de prendre du recul et de livrer une premi\u00e8re analyse sur l\u2019application de ce r\u00e8glement au sein de notre syst\u00e8me de droit.<\/p>\n<p>Ma\u00eetre Alexandra Iteanu, Avocat Data, rappelle ainsi que le RGPD n&#8217;est pas un texte isol\u00e9, comme on le pr\u00e9sente trop souvent.<\/p>\n<p>Il prend sa place au milieu du droit positif :<\/p>\n<ul>\n<li>En droit des contrats, dans la relation entre le responsable de traitement et le sous-traitant<\/li>\n<li>En droit de la consommation, par les obligations d&#8217;information pr\u00e9alables qu&#8217;il institue au b\u00e9n\u00e9fice des personnes concern\u00e9es<\/li>\n<li>En droit du travail, par les r\u00e8gles particuli\u00e8res de confidentialit\u00e9 et d&#8217;alerte qu&#8217;il institue au sein des organisations<\/li>\n<li>En cybers\u00e9curit\u00e9, par les obligations de s\u00e9curit\u00e9 contr\u00f4l\u00e9es et sanctionn\u00e9es \u00e0 d\u00e9faut de respect, par la <a href=\"https:\/\/www.cnil.fr\/\">CNIL<\/a><\/li>\n<li>etc. &#8230;<\/li>\n<\/ul>\n<p>L&#8217;article d&#8217;Alexandra Iteanu est <a href=\"https:\/\/www.solutions-numeriques.com\/5-ans-du-rgpd-le-droit-a-besoin-du-rgpd-et-le-rgpd-a-besoin-du-droit\/\">ici<\/a> dans la magazine Solutions Num\u00e9riques.<\/p>","protected":false},"excerpt":{"rendered":"<p>Sorry, this entry is only available in FR. For the sake of viewer convenience, the content is shown below in the alternative language. You may click the link to switch the active language.Le 25 mai 2023, le R\u00e8glement UE 2016\/679 dit R\u00e8glement G\u00e9n\u00e9ral sur la Protection des Donn\u00e9es ou RGPD, f\u00eatera ses cinq ans, l\u2019occasion [&hellip;]<\/p>\n","protected":false},"author":5,"featured_media":27550,"comment_status":"closed","ping_status":"closed","sticky":false,"template":"","format":"standard","meta":{"footnotes":""},"categories":[7],"tags":[],"class_list":["post-36989","post","type-post","status-publish","format-standard","has-post-thumbnail","hentry","category-publications"],"acf":[],"_links":{"self":[{"href":"https:\/\/www.iteanu.law\/en\/wp-json\/wp\/v2\/posts\/36989","targetHints":{"allow":["GET"]}}],"collection":[{"href":"https:\/\/www.iteanu.law\/en\/wp-json\/wp\/v2\/posts"}],"about":[{"href":"https:\/\/www.iteanu.law\/en\/wp-json\/wp\/v2\/types\/post"}],"author":[{"embeddable":true,"href":"https:\/\/www.iteanu.law\/en\/wp-json\/wp\/v2\/users\/5"}],"replies":[{"embeddable":true,"href":"https:\/\/www.iteanu.law\/en\/wp-json\/wp\/v2\/comments?post=36989"}],"version-history":[{"count":5,"href":"https:\/\/www.iteanu.law\/en\/wp-json\/wp\/v2\/posts\/36989\/revisions"}],"predecessor-version":[{"id":37543,"href":"https:\/\/www.iteanu.law\/en\/wp-json\/wp\/v2\/posts\/36989\/revisions\/37543"}],"wp:featuredmedia":[{"embeddable":true,"href":"https:\/\/www.iteanu.law\/en\/wp-json\/wp\/v2\/media\/27550"}],"wp:attachment":[{"href":"https:\/\/www.iteanu.law\/en\/wp-json\/wp\/v2\/media?parent=36989"}],"wp:term":[{"taxonomy":"category","embeddable":true,"href":"https:\/\/www.iteanu.law\/en\/wp-json\/wp\/v2\/categories?post=36989"},{"taxonomy":"post_tag","embeddable":true,"href":"https:\/\/www.iteanu.law\/en\/wp-json\/wp\/v2\/tags?post=36989"}],"curies":[{"name":"wp","href":"https:\/\/api.w.org\/{rel}","templated":true}]}}