{"id":3524,"date":"2019-05-14T22:55:11","date_gmt":"2019-05-14T20:55:11","guid":{"rendered":"https:\/\/www.iteanu.law\/?p=3524"},"modified":"2019-07-12T00:10:45","modified_gmt":"2019-07-11T22:10:45","slug":"universite-de-paris-2-la-neutralite-du-net-20-juin-2019","status":"publish","type":"post","link":"https:\/\/www.iteanu.law\/en\/universite-de-paris-2-la-neutralite-du-net-20-juin-2019\/","title":{"rendered":"Universit\u00e9 de Paris 2 &#8220;la neutralit\u00e9 du net&#8221; (20 juin 2019)"},"content":{"rendered":"<p class=\"qtranxs-available-languages-message qtranxs-available-languages-message-en\">Sorry, this entry is only available in <a href=\"https:\/\/www.iteanu.law\/fr\/wp-json\/wp\/v2\/posts\/3524\" class=\"qtranxs-available-language-link qtranxs-available-language-link-fr\" title=\"FR\">FR<\/a>. For the sake of viewer convenience, the content is shown below in the alternative language. You may click the link to switch the active language.<\/p><p>Le 20 juin 2019, Olivier Iteanu intervient \u00e0 l&#8217;invitation du CEJEM Universit\u00e9 de Paris 2 Panth\u00e9on Assas sur le th\u00e8me de &#8220;<strong>La neutralit\u00e9 du net<\/strong>&#8221; sous-titr\u00e9 &#8220;<em>Pourquoi est-elle si importante ? Son avenir est-il menac\u00e9 ?<\/em>&#8220;.<\/p>\n<p>Ce colloque universitaire, support\u00e9 par, notamment, les magazines <a href=\"http:\/\/www.expertises.info\/le-magazine\">Expertises des syst\u00e8mes d&#8217;information<\/a> et la revue <a href=\"https:\/\/www.wkf.fr\/fiche-produit\/lamy\/immateriel\/519-revue-lamy-droit-de-limmateriel.html\">Lamy Droit de l&#8217;Immat\u00e9riel<\/a>, l&#8217;Association Fran\u00e7aise des Juristes d&#8217;Entreprise (<a href=\"https:\/\/www.afje.org\/\">AFJE<\/a>) et l&#8217;<a href=\"https:\/\/www.isoc.fr\/\">Internet Society France<\/a>, sera introduit par les Professeurs J\u00e9r\u00f4me Passa et J\u00e9r\u00f4me Huet, respectivement Professeur \u00e0 l&#8217;Universit\u00e9 Paris II, directeur du CEJEM et Professeur \u00e9m\u00e9rite de l&#8217;Universit\u00e9 de Paris II.<\/p>\n<p>Olivier Iteanu y interviendra sur le th\u00e8me de la cr\u00e9ation d&#8217;un troisi\u00e8me statut juridique entre l&#8217;\u00e9diteur de services en ligne et l&#8217;interm\u00e9diaire technique ou h\u00e9bergeur.<\/p>\n<p>Pour tous renseignements et inscriptions, c&#8217;est <a href=\"https:\/\/univ-droit.fr\/actualites-de-la-recherche\/manifestations\/31466-neutralite-du-net-pourquoi-est-elle-si-importante-son-avenir-est-il-menace\">ici<\/a> sur le portail universitaire du droit.<\/p>","protected":false},"excerpt":{"rendered":"<p>Sorry, this entry is only available in FR. For the sake of viewer convenience, the content is shown below in the alternative language. You may click the link to switch the active language.Le 20 juin 2019, Olivier Iteanu intervient \u00e0 l&#8217;invitation du CEJEM Universit\u00e9 de Paris 2 Panth\u00e9on Assas sur le th\u00e8me de &#8220;La neutralit\u00e9 [&hellip;]<\/p>\n","protected":false},"author":5,"featured_media":3525,"comment_status":"closed","ping_status":"closed","sticky":false,"template":"","format":"standard","meta":{"footnotes":""},"categories":[5],"tags":[],"class_list":["post-3524","post","type-post","status-publish","format-standard","has-post-thumbnail","hentry","category-evenements"],"acf":[],"_links":{"self":[{"href":"https:\/\/www.iteanu.law\/en\/wp-json\/wp\/v2\/posts\/3524","targetHints":{"allow":["GET"]}}],"collection":[{"href":"https:\/\/www.iteanu.law\/en\/wp-json\/wp\/v2\/posts"}],"about":[{"href":"https:\/\/www.iteanu.law\/en\/wp-json\/wp\/v2\/types\/post"}],"author":[{"embeddable":true,"href":"https:\/\/www.iteanu.law\/en\/wp-json\/wp\/v2\/users\/5"}],"replies":[{"embeddable":true,"href":"https:\/\/www.iteanu.law\/en\/wp-json\/wp\/v2\/comments?post=3524"}],"version-history":[{"count":2,"href":"https:\/\/www.iteanu.law\/en\/wp-json\/wp\/v2\/posts\/3524\/revisions"}],"predecessor-version":[{"id":3527,"href":"https:\/\/www.iteanu.law\/en\/wp-json\/wp\/v2\/posts\/3524\/revisions\/3527"}],"wp:featuredmedia":[{"embeddable":true,"href":"https:\/\/www.iteanu.law\/en\/wp-json\/wp\/v2\/media\/3525"}],"wp:attachment":[{"href":"https:\/\/www.iteanu.law\/en\/wp-json\/wp\/v2\/media?parent=3524"}],"wp:term":[{"taxonomy":"category","embeddable":true,"href":"https:\/\/www.iteanu.law\/en\/wp-json\/wp\/v2\/categories?post=3524"},{"taxonomy":"post_tag","embeddable":true,"href":"https:\/\/www.iteanu.law\/en\/wp-json\/wp\/v2\/tags?post=3524"}],"curies":[{"name":"wp","href":"https:\/\/api.w.org\/{rel}","templated":true}]}}