{"id":323,"date":"2011-03-11T19:06:33","date_gmt":"2011-03-11T18:06:33","guid":{"rendered":"https:\/\/www.iteanu.law\/?p=323"},"modified":"2016-09-16T16:21:57","modified_gmt":"2016-09-16T14:21:57","slug":"pas-de-circulaires-sans-internet","status":"publish","type":"post","link":"https:\/\/www.iteanu.law\/en\/pas-de-circulaires-sans-internet\/","title":{"rendered":"Pas de circulaires sans internet"},"content":{"rendered":"<p class=\"qtranxs-available-languages-message qtranxs-available-languages-message-en\">Sorry, this entry is only available in <a href=\"https:\/\/www.iteanu.law\/fr\/wp-json\/wp\/v2\/posts\/323\" class=\"qtranxs-available-language-link qtranxs-available-language-link-fr\" title=\"FR\">FR<\/a>. For the sake of viewer convenience, the content is shown below in the alternative language. You may click the link to switch the active language.<\/p><p><\/p>\n<div class=\"post-excerpt\">\n<p>C\u2019est un <a href=\"http:\/\/www.legifrance.gouv.fr\/affichTexte.do?cidTexte=JORFTEXT000019900707&amp;fastPos=1&amp;fastReqId=1244787910&amp;categorieLien=cid&amp;oldAction=rechTexte\">D\u00e9cret du 28 D\u00e9cembre 2008<\/a> auquel on n\u2019a pas pr\u00eat\u00e9 attention. Il est pourtant primordial et exemplaire.<\/p>\n<p>La r\u00e8gle qu\u2019il pose est claire et rude.<\/p>\n<p>Une circulaire ou une instruction Minist\u00e9rielle qui ne figure pas sur Internet n&#8217;est pas applicable et doit \u00eatre abrog\u00e9e.<\/p>\n<\/div>\n<div class=\"post-content\">\n<p>Les circulaires et instructions adress\u00e9es par les ministres aux services et \u00e9tablissements de l&#8217;Etat sont souvent oppos\u00e9es aux citoyens.<\/p>\n<p>On les retrouve souvent en droit fiscal, mais aussi dans tous les domaines de la vie du citoyen\u00a0: par exemple, pour la protection des stagiaires en droit social, pour la mise en \u0153uvre de la loi interdisant la dissimulation du visage dans l&#8217;espace public qui va d\u00e9terminer les types de dissimulation interdits, les r\u00e8gles relatives \u00e0 certains concours en vue de recrutements de personnels des administrations publiques etc. \u2026<\/p>\n<p>Or, ces circulaires sont une sorte de \u00ab\u00a0droit souterrain\u00a0\u00bb peu ou pas connues par le citoyen qui les rencontre g\u00e9n\u00e9ralement, seulement le jour o\u00f9 l\u2019administration ou les tribunaux le lui opposent.<\/p>\n<p>Le D\u00e9cret 2008 impose d\u00e9sormais, et depuis le 1er mai 2009, que toutes ces circulaires et instructions soient publi\u00e9es sur un site web sous la responsabilit\u00e9 du 1er Ministre. Il s\u2019agit du site <a href=\"http:\/\/www.circulaires.gouv.fr\/\">www.circulaires.gouv.fr<\/a>.<\/p>\n<p>Si la circulaire est ant\u00e9rieure au 1er Mai 2009 et qu\u2019elle n\u2019a pas \u00e9t\u00e9 publi\u00e9e au 1er Mai 2009 sur Internet, elle doit \u00eatre abrog\u00e9e.<\/p>\n<p>Si la circulaire est post\u00e9rieure au 1er Mai 2009, elle doit, a fortiori, \u00eatre publi\u00e9e sur le site en question, pour \u00eatre valide.<\/p>\n<p>Dans tous ces cas, le citoyen aura v\u00e9rifi\u00e9 la pr\u00e9sence du texte sur Internet et, \u00e0 d\u00e9faut, il refusera donc qu\u2019on lui oppose ladite circulaire ou instruction.<\/p>\n<p>Ce 23 F\u00e9vrier 2011,<a href=\"http:\/\/www.legifrance.gouv.fr\/affichJuriAdmin.do?oldAction=rechJuriAdmin&amp;idTexte=CETATEXT000023632382&amp;fastReqId=1840584063&amp;fastPos=1\"> le Conseil d\u2019Etat<\/a> a \u00e9t\u00e9 encore plus loin. Toute circulaire ou instruction qui ne figurait pas sur le site Web \u00ab\u00a0circulaires\u00a0\u00bb le 1er Mai 2009 doit \u00eatre abrog\u00e9e, m\u00eame si elle a \u00e9t\u00e9 remise en ligne plus tard, car<em> \u00ab\u00a0sa mise en ligne sur ce m\u00eame site \u00e0 une date post\u00e9rieure au 1er mai 2009 n&#8217;a pas eu pour effet de la remettre en vigueur \u00bb<\/em>.<\/p>\n<p>Du coup, ce sont probablement des centaines de circulaires ou instructions qui se trouvent aujourd\u2019hui hors du jeu.<\/p>\n<p>Il y a des jours o\u00f9 l\u2019Etat de droit progresse.<\/p>\n<p>Grace \u00e0 ce D\u00e9cret et \u00e0 son application rigoureuse par le Conseil d\u2019Etat, on ne peut que s&#8217;en f\u00e9liciter, surtout quand Internet y participe si activement.<\/p>\n<\/div>\n<p><\/p>","protected":false},"excerpt":{"rendered":"<p class=\"qtranxs-available-languages-message qtranxs-available-languages-message-en\">Sorry, this entry is only available in <a href=\"https:\/\/www.iteanu.law\/fr\/wp-json\/wp\/v2\/posts\/323\" class=\"qtranxs-available-language-link qtranxs-available-language-link-fr\" title=\"FR\">FR<\/a>. For the sake of viewer convenience, the content is shown below in the alternative language. You may click the link to switch the active language.<\/p>\n<p>C\u2019est un D\u00e9cret du 28 D\u00e9cembre 2008 auquel on n\u2019a pas pr\u00eat\u00e9 attention. Il est pourtant primordial et exemplaire.<\/p>\n","protected":false},"author":3,"featured_media":0,"comment_status":"open","ping_status":"open","sticky":false,"template":"","format":"standard","meta":{"footnotes":""},"categories":[6],"tags":[],"class_list":["post-323","post","type-post","status-publish","format-standard","hentry","category-blog"],"acf":[],"_links":{"self":[{"href":"https:\/\/www.iteanu.law\/en\/wp-json\/wp\/v2\/posts\/323","targetHints":{"allow":["GET"]}}],"collection":[{"href":"https:\/\/www.iteanu.law\/en\/wp-json\/wp\/v2\/posts"}],"about":[{"href":"https:\/\/www.iteanu.law\/en\/wp-json\/wp\/v2\/types\/post"}],"author":[{"embeddable":true,"href":"https:\/\/www.iteanu.law\/en\/wp-json\/wp\/v2\/users\/3"}],"replies":[{"embeddable":true,"href":"https:\/\/www.iteanu.law\/en\/wp-json\/wp\/v2\/comments?post=323"}],"version-history":[{"count":1,"href":"https:\/\/www.iteanu.law\/en\/wp-json\/wp\/v2\/posts\/323\/revisions"}],"predecessor-version":[{"id":324,"href":"https:\/\/www.iteanu.law\/en\/wp-json\/wp\/v2\/posts\/323\/revisions\/324"}],"wp:attachment":[{"href":"https:\/\/www.iteanu.law\/en\/wp-json\/wp\/v2\/media?parent=323"}],"wp:term":[{"taxonomy":"category","embeddable":true,"href":"https:\/\/www.iteanu.law\/en\/wp-json\/wp\/v2\/categories?post=323"},{"taxonomy":"post_tag","embeddable":true,"href":"https:\/\/www.iteanu.law\/en\/wp-json\/wp\/v2\/tags?post=323"}],"curies":[{"name":"wp","href":"https:\/\/api.w.org\/{rel}","templated":true}]}}