{"id":32182,"date":"2022-03-10T15:17:50","date_gmt":"2022-03-10T14:17:50","guid":{"rendered":"https:\/\/www.iteanu.law\/?p=32182"},"modified":"2022-03-20T20:38:07","modified_gmt":"2022-03-20T19:38:07","slug":"10-mars-2022-mediation-et-digital-pour-le-matinales-de-lieam","status":"publish","type":"post","link":"https:\/\/www.iteanu.law\/en\/10-mars-2022-mediation-et-digital-pour-le-matinales-de-lieam\/","title":{"rendered":"(10 Mars 2022) M\u00e9diation et digital pour les Matinales de l&#8217;IEAM"},"content":{"rendered":"<p class=\"qtranxs-available-languages-message qtranxs-available-languages-message-en\">Sorry, this entry is only available in <a href=\"https:\/\/www.iteanu.law\/fr\/wp-json\/wp\/v2\/posts\/32182\" class=\"qtranxs-available-language-link qtranxs-available-language-link-fr\" title=\"FR\">FR<\/a>. For the sake of viewer convenience, the content is shown below in the alternative language. You may click the link to switch the active language.<\/p><p>L&#8217;Institut d&#8217;Expertise, d&#8217;Arbitrage et de M\u00e9diation, dit <a href=\"https:\/\/www.ieam.eu\/\">IEAM<\/a>, organise p\u00e9riodiquement des matinales au cours desquelles des intervenants ext\u00e9rieurs travaillent sur un sujet donn\u00e9 avant d&#8217;\u00e9changer avec les personnes pr\u00e9sentes.<\/p>\n<p>Ce Mardi 8 Mars 2022, c&#8217;\u00e9tait le tour d&#8217;Olivier Iteanu, Avocat, sur le th\u00e8me de <em>&#8220;M\u00e9diation et digital : la m\u00e9diation, une solution ?&#8221;. <\/em>L&#8217;annonce de cette matinale se trouve <a href=\"https:\/\/www.ieam.eu\/agenda\/les-matinales\/matinale-ieam-080322\">ici<\/a>.<\/p>\n<p>Jusqu&#8217;\u00e0 36 personnes ont particip\u00e9 \u00e0 cette matinale en visioconf\u00e9rence, introduite par Eric Sebban, vice-Pr\u00e9sident de l&#8217;IEAM et Avocat en l&#8217;absence de la Pr\u00e9sidente, Emmanuelle Duparc emp\u00each\u00e9e, et sous l&#8217;\u00e9gide de Jocelyne CANETTI, Pr\u00e9sidente de la Commission Communication de l&#8217;IEAM.<\/p>\n<p>En 30 minutes, Olivier Iteanu y a expos\u00e9 sa vision d&#8217;une m\u00e9diation qui semble avoir des difficult\u00e9s \u00e0 percer dans un secteur d&#8217;activit\u00e9 qui, compte tenu de la transition num\u00e9rique, concerne de nombreux acteurs. Car chaque entreprise est d\u00e9sormais une entreprise num\u00e9rique, grande consommatrice de logiciels, de services informatiques, de r\u00e9seaux et productrices et utilisatrices de donn\u00e9es.<\/p>\n<p>Sur la base de quatre cas choisis, sch\u00e9mas de litige habituels dans le secteur du num\u00e9rique tels que le litige en malfa\u00e7on informatique, l&#8217;e-commerce, les donn\u00e9es personnelles et la cryptomonnaie, les situations de conflit existent et m\u00e9ritent de disposer de l&#8217;outil de la m\u00e9diation pour r\u00e9soudre les conflits nombreux qui prennent place.<\/p>\n<p>La pr\u00e9sentation d&#8217;Olivier Iteanu se trouve <a href=\"https:\/\/www.iteanu.law\/wp-content\/uploads\/Presentation-Ieam-Manifestation-du-08032022.pdf\">ici<\/a>.<\/p>","protected":false},"excerpt":{"rendered":"<p>Sorry, this entry is only available in FR. For the sake of viewer convenience, the content is shown below in the alternative language. You may click the link to switch the active language.L&#8217;Institut d&#8217;Expertise, d&#8217;Arbitrage et de M\u00e9diation, dit IEAM, organise p\u00e9riodiquement des matinales au cours desquelles des intervenants ext\u00e9rieurs travaillent sur un sujet donn\u00e9 [&hellip;]<\/p>\n","protected":false},"author":5,"featured_media":32184,"comment_status":"closed","ping_status":"closed","sticky":false,"template":"","format":"standard","meta":{"footnotes":""},"categories":[6,5,1],"tags":[],"class_list":["post-32182","post","type-post","status-publish","format-standard","has-post-thumbnail","hentry","category-blog","category-evenements","category-news"],"acf":[],"_links":{"self":[{"href":"https:\/\/www.iteanu.law\/en\/wp-json\/wp\/v2\/posts\/32182","targetHints":{"allow":["GET"]}}],"collection":[{"href":"https:\/\/www.iteanu.law\/en\/wp-json\/wp\/v2\/posts"}],"about":[{"href":"https:\/\/www.iteanu.law\/en\/wp-json\/wp\/v2\/types\/post"}],"author":[{"embeddable":true,"href":"https:\/\/www.iteanu.law\/en\/wp-json\/wp\/v2\/users\/5"}],"replies":[{"embeddable":true,"href":"https:\/\/www.iteanu.law\/en\/wp-json\/wp\/v2\/comments?post=32182"}],"version-history":[{"count":4,"href":"https:\/\/www.iteanu.law\/en\/wp-json\/wp\/v2\/posts\/32182\/revisions"}],"predecessor-version":[{"id":32188,"href":"https:\/\/www.iteanu.law\/en\/wp-json\/wp\/v2\/posts\/32182\/revisions\/32188"}],"wp:featuredmedia":[{"embeddable":true,"href":"https:\/\/www.iteanu.law\/en\/wp-json\/wp\/v2\/media\/32184"}],"wp:attachment":[{"href":"https:\/\/www.iteanu.law\/en\/wp-json\/wp\/v2\/media?parent=32182"}],"wp:term":[{"taxonomy":"category","embeddable":true,"href":"https:\/\/www.iteanu.law\/en\/wp-json\/wp\/v2\/categories?post=32182"},{"taxonomy":"post_tag","embeddable":true,"href":"https:\/\/www.iteanu.law\/en\/wp-json\/wp\/v2\/tags?post=32182"}],"curies":[{"name":"wp","href":"https:\/\/api.w.org\/{rel}","templated":true}]}}