{"id":31314,"date":"2022-01-31T19:17:50","date_gmt":"2022-01-31T18:17:50","guid":{"rendered":"https:\/\/www.iteanu.law\/?p=31314"},"modified":"2022-01-31T19:17:50","modified_gmt":"2022-01-31T18:17:50","slug":"31-janvier-2022-etat-des-lieux-juridique-du-datacenter","status":"publish","type":"post","link":"https:\/\/www.iteanu.law\/en\/31-janvier-2022-etat-des-lieux-juridique-du-datacenter\/","title":{"rendered":"(31 Janvier 2022) Etat des lieux juridique du datacenter"},"content":{"rendered":"<p class=\"qtranxs-available-languages-message qtranxs-available-languages-message-en\">Sorry, this entry is only available in <a href=\"https:\/\/www.iteanu.law\/fr\/wp-json\/wp\/v2\/posts\/31314\" class=\"qtranxs-available-language-link qtranxs-available-language-link-fr\" title=\"FR\">FR<\/a>. For the sake of viewer convenience, the content is shown below in the alternative language. You may click the link to switch the active language.<\/p><p>Dans une interview donn\u00e9e \u00e0 Datacenter Magazine, Ma\u00eetre Alexandra Iteanu, Avocate, fait un tour d&#8217;horizon du &#8220;statut&#8221; juridique applicable au datacenter.<\/p>\n<p>Ce bailleur sp\u00e9cialis\u00e9, fournisseur de flux vitaux tels que l&#8217;\u00e9lectricit\u00e9, l&#8217;air conditionn\u00e9e et l&#8217;acc\u00e8s \u00e0 tr\u00e8s haut d\u00e9bit aux r\u00e9seaux num\u00e9riques principalement, est-il soumis au <a href=\"https:\/\/eur-lex.europa.eu\/legal-content\/FR\/TXT\/HTML\/?uri=CELEX:32016R0679\">RGPD<\/a>, le fameux R\u00e8glement communautaire sur la protection des donn\u00e9es, entr\u00e9 en vigueur en 2016 et en application le 25 Mai 2018 ?<\/p>\n<p>Si non, quelles sont les r\u00e8gles juridiques qui s&#8217;applique \u00e0 lui ?<\/p>\n<p>Ma\u00eetre Alexandra Iteanu fait un tour d&#8217;horizon sur le droit applicable \u00e0 cet acteur r\u00e9cemment arriv\u00e9 sur les march\u00e9s.<\/p>\n<p>A voir et \u00e9couter <a href=\"https:\/\/datacenter-magazine.fr\/etat-des-lieux-juridique-du-datacenter-au-dela-du-rgpd-avec-maitre-alexandra-iteanu-avocat\/\">ici<\/a>.<\/p>","protected":false},"excerpt":{"rendered":"<p>Sorry, this entry is only available in FR. For the sake of viewer convenience, the content is shown below in the alternative language. You may click the link to switch the active language.Dans une interview donn\u00e9e \u00e0 Datacenter Magazine, Ma\u00eetre Alexandra Iteanu, Avocate, fait un tour d&#8217;horizon du &#8220;statut&#8221; juridique applicable au datacenter. Ce bailleur [&hellip;]<\/p>\n","protected":false},"author":5,"featured_media":31315,"comment_status":"closed","ping_status":"closed","sticky":true,"template":"","format":"standard","meta":{"footnotes":""},"categories":[6,12],"tags":[],"class_list":["post-31314","post","type-post","status-publish","format-standard","has-post-thumbnail","hentry","category-blog","category-revue-de-presse"],"acf":[],"_links":{"self":[{"href":"https:\/\/www.iteanu.law\/en\/wp-json\/wp\/v2\/posts\/31314","targetHints":{"allow":["GET"]}}],"collection":[{"href":"https:\/\/www.iteanu.law\/en\/wp-json\/wp\/v2\/posts"}],"about":[{"href":"https:\/\/www.iteanu.law\/en\/wp-json\/wp\/v2\/types\/post"}],"author":[{"embeddable":true,"href":"https:\/\/www.iteanu.law\/en\/wp-json\/wp\/v2\/users\/5"}],"replies":[{"embeddable":true,"href":"https:\/\/www.iteanu.law\/en\/wp-json\/wp\/v2\/comments?post=31314"}],"version-history":[{"count":1,"href":"https:\/\/www.iteanu.law\/en\/wp-json\/wp\/v2\/posts\/31314\/revisions"}],"predecessor-version":[{"id":31316,"href":"https:\/\/www.iteanu.law\/en\/wp-json\/wp\/v2\/posts\/31314\/revisions\/31316"}],"wp:featuredmedia":[{"embeddable":true,"href":"https:\/\/www.iteanu.law\/en\/wp-json\/wp\/v2\/media\/31315"}],"wp:attachment":[{"href":"https:\/\/www.iteanu.law\/en\/wp-json\/wp\/v2\/media?parent=31314"}],"wp:term":[{"taxonomy":"category","embeddable":true,"href":"https:\/\/www.iteanu.law\/en\/wp-json\/wp\/v2\/categories?post=31314"},{"taxonomy":"post_tag","embeddable":true,"href":"https:\/\/www.iteanu.law\/en\/wp-json\/wp\/v2\/tags?post=31314"}],"curies":[{"name":"wp","href":"https:\/\/api.w.org\/{rel}","templated":true}]}}