{"id":29422,"date":"2021-11-07T19:17:12","date_gmt":"2021-11-07T18:17:12","guid":{"rendered":"https:\/\/www.iteanu.law\/?p=29422"},"modified":"2022-01-31T19:18:33","modified_gmt":"2022-01-31T18:18:33","slug":"octobre-2021-solutions-numeriques-cloud-au-centre-letat-met-office-365-de-microsoft-sur-la-touche","status":"publish","type":"post","link":"https:\/\/www.iteanu.law\/en\/octobre-2021-solutions-numeriques-cloud-au-centre-letat-met-office-365-de-microsoft-sur-la-touche\/","title":{"rendered":"(Octobre 2021 &#8211; Solutions Num\u00e9riques) Cloud au Centre, l&#8217;Etat met Office 365 de Microsoft sur la touche ?"},"content":{"rendered":"<p class=\"qtranxs-available-languages-message qtranxs-available-languages-message-en\">Sorry, this entry is only available in <a href=\"https:\/\/www.iteanu.law\/fr\/wp-json\/wp\/v2\/posts\/29422\" class=\"qtranxs-available-language-link qtranxs-available-language-link-fr\" title=\"FR\">FR<\/a>. For the sake of viewer convenience, the content is shown below in the alternative language. You may click the link to switch the active language.<\/p><p>Le Cloud \u00e9tait initialement une affaire technique. Il devient d\u00e9sormais une affaire de souverainet\u00e9, c\u2019est-\u00e0-dire politique. Ma\u00eetre Alexandra Iteanu rapporte dans le magazine Solutions Num\u00e9riques, ce qu&#8217;est la doctrine &#8220;Cloud au cntre&#8221; de l&#8217;Etat.<\/p>\n<p>Dans une Note du Directeur Interminist\u00e9riel intitul\u00e9e <em>Doctrine \u00ab\u00a0Cloud au Centre\u00a0\u00bb et offre Office 365 de Microsoft<\/em> et dat\u00e9e du 15 septembre 2021, l\u2019Etat fran\u00e7ais exclut pour la premi\u00e8re fois de mani\u00e8re explicite l\u2019offre Cloud Office 365 propos\u00e9e par la soci\u00e9t\u00e9 de Bill Gates, de sa Politique \u00ab\u00a0Cloud au Centre\u00a0\u00bb.<\/p>\n<p>Cette Note est la cons\u00e9cration de plusieurs ann\u00e9es de prises de position et de r\u00e9glementations concernant le Cloud fran\u00e7ais.<\/p>\n<p>L&#8217;article peut \u00eatre lu <a href=\"https:\/\/www.solutions-numeriques.com\/politique-cloud-au-centre-de-letat-office-365-mis-sur-la-touche\/\">ici<\/a>.<\/p>","protected":false},"excerpt":{"rendered":"<p>Sorry, this entry is only available in FR. For the sake of viewer convenience, the content is shown below in the alternative language. You may click the link to switch the active language.Le Cloud \u00e9tait initialement une affaire technique. Il devient d\u00e9sormais une affaire de souverainet\u00e9, c\u2019est-\u00e0-dire politique. Ma\u00eetre Alexandra Iteanu rapporte dans le magazine [&hellip;]<\/p>\n","protected":false},"author":5,"featured_media":25609,"comment_status":"closed","ping_status":"closed","sticky":false,"template":"","format":"standard","meta":{"footnotes":""},"categories":[6,12],"tags":[],"class_list":["post-29422","post","type-post","status-publish","format-standard","has-post-thumbnail","hentry","category-blog","category-revue-de-presse"],"acf":[],"_links":{"self":[{"href":"https:\/\/www.iteanu.law\/en\/wp-json\/wp\/v2\/posts\/29422","targetHints":{"allow":["GET"]}}],"collection":[{"href":"https:\/\/www.iteanu.law\/en\/wp-json\/wp\/v2\/posts"}],"about":[{"href":"https:\/\/www.iteanu.law\/en\/wp-json\/wp\/v2\/types\/post"}],"author":[{"embeddable":true,"href":"https:\/\/www.iteanu.law\/en\/wp-json\/wp\/v2\/users\/5"}],"replies":[{"embeddable":true,"href":"https:\/\/www.iteanu.law\/en\/wp-json\/wp\/v2\/comments?post=29422"}],"version-history":[{"count":3,"href":"https:\/\/www.iteanu.law\/en\/wp-json\/wp\/v2\/posts\/29422\/revisions"}],"predecessor-version":[{"id":31317,"href":"https:\/\/www.iteanu.law\/en\/wp-json\/wp\/v2\/posts\/29422\/revisions\/31317"}],"wp:featuredmedia":[{"embeddable":true,"href":"https:\/\/www.iteanu.law\/en\/wp-json\/wp\/v2\/media\/25609"}],"wp:attachment":[{"href":"https:\/\/www.iteanu.law\/en\/wp-json\/wp\/v2\/media?parent=29422"}],"wp:term":[{"taxonomy":"category","embeddable":true,"href":"https:\/\/www.iteanu.law\/en\/wp-json\/wp\/v2\/categories?post=29422"},{"taxonomy":"post_tag","embeddable":true,"href":"https:\/\/www.iteanu.law\/en\/wp-json\/wp\/v2\/tags?post=29422"}],"curies":[{"name":"wp","href":"https:\/\/api.w.org\/{rel}","templated":true}]}}