{"id":2709,"date":"2019-02-20T22:37:02","date_gmt":"2019-02-20T21:37:02","guid":{"rendered":"https:\/\/www.iteanu.law\/?p=2709"},"modified":"2019-08-29T17:36:00","modified_gmt":"2019-08-29T15:36:00","slug":"video-fevrier-2019-le-figaro-live-lanonymat-sur-internet","status":"publish","type":"post","link":"https:\/\/www.iteanu.law\/en\/video-fevrier-2019-le-figaro-live-lanonymat-sur-internet\/","title":{"rendered":"(Vid\u00e9o) Le Figaro Live &#8220;l&#8217;anonymat sur internet&#8221;"},"content":{"rendered":"<p class=\"qtranxs-available-languages-message qtranxs-available-languages-message-en\">Sorry, this entry is only available in <a href=\"https:\/\/www.iteanu.law\/fr\/wp-json\/wp\/v2\/posts\/2709\" class=\"qtranxs-available-language-link qtranxs-available-language-link-fr\" title=\"FR\">FR<\/a>. For the sake of viewer convenience, the content is shown below in the alternative language. You may click the link to switch the active language.<\/p><p>Ce 18 F\u00e9vrier 2019, Olivier Iteanu est interrog\u00e9 sur une question r\u00e9currente du droit de l&#8217;internet, celle de l&#8217;anonymat.<\/p>\n<p>Il est vrai qu&#8217;une victime d&#8217;un contenu illicite qui lui cause pr\u00e9judice, de type injure, diffamation, propos racistes, antis\u00e9mites, homophobes ou sexistes, ne pourra faire cesser la diffusion de ces propos et poursuivre en justice l&#8217;auteur des propos, le faire condamner, qu&#8217;\u00e0 la condition que celui-ci ait \u00e9t\u00e9 pr\u00e9alablement identifi\u00e9.<\/p>\n<p>Or, l&#8217;Internet facile une sorte d&#8217;anonymat, ce qu&#8217;on nomme le pseudonymat.<\/p>\n<p>Mais sur Internet, l&#8217;anonymat absolu n&#8217;existe pas non plus.<\/p>\n<p>Olivier Iteanu rappelle ici que depuis la Directive commerce \u00e9lectronique de 2000 et la Loi dite pour la confiance dans l&#8217;\u00e9conomie num\u00e9rique (LCEN) du 21 Juin 2004, l&#8217;identification des auteurs de contenus manifestement illicites, au moyen des traces qu&#8217;ils auront laiss\u00e9es sur les r\u00e9seaux num\u00e9riques, est organis\u00e9e avec l&#8217;assistance des interm\u00e9diaires techniques.<\/p>\n<p>Pas besoin de nouvelles lois, il suffit de faire appliquer les textes existant.<\/p>\n<p>La vid\u00e9o de l&#8217;interview est <a href=\"http:\/\/video.lefigaro.fr\/figaro\/video\/levee-de-l-anonymat-sur-internet-notre-probleme-c-est-de-faire-appliquer-la-loi\/6004402370001\/\">ici<\/a>.<\/p>","protected":false},"excerpt":{"rendered":"<p>Sorry, this entry is only available in FR. For the sake of viewer convenience, the content is shown below in the alternative language. You may click the link to switch the active language.Ce 18 F\u00e9vrier 2019, Olivier Iteanu est interrog\u00e9 sur une question r\u00e9currente du droit de l&#8217;internet, celle de l&#8217;anonymat. Il est vrai qu&#8217;une [&hellip;]<\/p>\n","protected":false},"author":5,"featured_media":3255,"comment_status":"closed","ping_status":"closed","sticky":false,"template":"","format":"standard","meta":{"footnotes":""},"categories":[12],"tags":[],"class_list":["post-2709","post","type-post","status-publish","format-standard","has-post-thumbnail","hentry","category-revue-de-presse"],"acf":[],"_links":{"self":[{"href":"https:\/\/www.iteanu.law\/en\/wp-json\/wp\/v2\/posts\/2709","targetHints":{"allow":["GET"]}}],"collection":[{"href":"https:\/\/www.iteanu.law\/en\/wp-json\/wp\/v2\/posts"}],"about":[{"href":"https:\/\/www.iteanu.law\/en\/wp-json\/wp\/v2\/types\/post"}],"author":[{"embeddable":true,"href":"https:\/\/www.iteanu.law\/en\/wp-json\/wp\/v2\/users\/5"}],"replies":[{"embeddable":true,"href":"https:\/\/www.iteanu.law\/en\/wp-json\/wp\/v2\/comments?post=2709"}],"version-history":[{"count":3,"href":"https:\/\/www.iteanu.law\/en\/wp-json\/wp\/v2\/posts\/2709\/revisions"}],"predecessor-version":[{"id":2713,"href":"https:\/\/www.iteanu.law\/en\/wp-json\/wp\/v2\/posts\/2709\/revisions\/2713"}],"wp:featuredmedia":[{"embeddable":true,"href":"https:\/\/www.iteanu.law\/en\/wp-json\/wp\/v2\/media\/3255"}],"wp:attachment":[{"href":"https:\/\/www.iteanu.law\/en\/wp-json\/wp\/v2\/media?parent=2709"}],"wp:term":[{"taxonomy":"category","embeddable":true,"href":"https:\/\/www.iteanu.law\/en\/wp-json\/wp\/v2\/categories?post=2709"},{"taxonomy":"post_tag","embeddable":true,"href":"https:\/\/www.iteanu.law\/en\/wp-json\/wp\/v2\/tags?post=2709"}],"curies":[{"name":"wp","href":"https:\/\/api.w.org\/{rel}","templated":true}]}}