{"id":25594,"date":"2021-08-27T16:15:30","date_gmt":"2021-08-27T14:15:30","guid":{"rendered":"https:\/\/www.iteanu.law\/?p=25594"},"modified":"2021-12-05T12:10:22","modified_gmt":"2021-12-05T11:10:22","slug":"21-juin-2021-incident-ovh-quelles-premieres-lecons-tirees-pour-le-cloud","status":"publish","type":"post","link":"https:\/\/www.iteanu.law\/en\/21-juin-2021-incident-ovh-quelles-premieres-lecons-tirees-pour-le-cloud\/","title":{"rendered":"(21 Juin 2021) Incident OVH, quelles premi\u00e8res le\u00e7ons tir\u00e9es pour le Cloud"},"content":{"rendered":"<p class=\"qtranxs-available-languages-message qtranxs-available-languages-message-en\">Sorry, this entry is only available in <a href=\"https:\/\/www.iteanu.law\/fr\/wp-json\/wp\/v2\/posts\/25594\" class=\"qtranxs-available-language-link qtranxs-available-language-link-fr\" title=\"FR\">FR<\/a>. For the sake of viewer convenience, the content is shown below in the alternative language. You may click the link to switch the active language.<\/p><p>Olivier Iteanu donne une interview au magazine Solutions Num\u00e9rique sur les premi\u00e8res le\u00e7ons tir\u00e9es de l&#8217;incendie survenu dans le centre de donn\u00e9es alsacien d&#8217;OVH les 9 et 10 Mars 2021.<\/p>\n<p>Selon le site <a href=\"https:\/\/news.netcraft.com\/archives\/2021\/03\/10\/ovh-fire.html\">Netcraft<\/a>, ce seraient 3,6 millions de sites web et 464.000 noms de domaine qui seraient tomb\u00e9s.<\/p>\n<p>Constatons tout d&#8217;abord, que ce n&#8217;est pas la premi\u00e8re fois, en France, qu&#8217;un datacenter est ainsi touch\u00e9. Il y a 15ans, c&#8217;est une panne \u00e9lectrique g\u00e9ante, y compris sur les \u00e9quipements redondants pr\u00e9vus par le centre de donn\u00e9es, qui avait largement <a href=\"https:\/\/www.silicon.fr\/s-duproz-redbus-les-datacenters-ont-peche-par-exces-15431.html\">perturb\u00e9 l&#8217;internet fran\u00e7ais<\/a>. Le datacenter qui avait subi cet arr\u00eat massif \u00e9tait une Soci\u00e9t\u00e9 Redbus Interhouse, qui a depuis lors disparu, absorb\u00e9e par Telecity.<\/p>\n<p>Nous avions alors \u00e0 cet \u00e9poque repr\u00e9sent\u00e9s dans une expertise judiciaire, une dizaine d&#8217;h\u00e9bergeurs touch\u00e9s par la panne \u00e9lectrique, et l&#8217;affaire avait \u00e9t\u00e9 au final transig\u00e9e, alors que le contrat propos\u00e9 par la Soci\u00e9t\u00e9 Redbud Interhouse et auquel avaient adh\u00e9r\u00e9 les h\u00e9bergeurs et clients, ne pr\u00e9voyait que l&#8217;\u00e9mission d&#8217;Avoirs comptable en cas de d\u00e9faillance.<\/p>\n<p>En ce d\u00e9but d&#8217;ann\u00e9e 2021, c&#8217;est l&#8217;\u00e9tendard du cloud fran\u00e7ais, OVH, qui subit ce revers.<\/p>\n<p>Et on peut ajouter, qu&#8217;OVH ne sera pas le dernier &#8230;<\/p>\n<p>Il n&#8217;y a pas de risque 0, et il faut vivre avec ce risque.<\/p>\n<p>Le devoir de chaque dirigeant d&#8217;entreprise, est d\u00e8s lors de pr\u00e9voir les cons\u00e9quences d&#8217;un tel risque s&#8217;il survient, et, sur le plan juridique, le seul outil capable de r\u00e9pondre \u00e0 cet enjeu, est le contrat.<\/p>\n<p>C&#8217;est ce que rappelle Olivier Iteanu dans cette interview publi\u00e9e par le magazine <a href=\"https:\/\/www.solutions-numeriques.com\/dossiers\/vos-donnees-sont-elles-bien-sauvegardees\/\">Solutions Num\u00e9riques<\/a>.<\/p>","protected":false},"excerpt":{"rendered":"<p>Sorry, this entry is only available in FR. For the sake of viewer convenience, the content is shown below in the alternative language. You may click the link to switch the active language.Olivier Iteanu donne une interview au magazine Solutions Num\u00e9rique sur les premi\u00e8res le\u00e7ons tir\u00e9es de l&#8217;incendie survenu dans le centre de donn\u00e9es alsacien [&hellip;]<\/p>\n","protected":false},"author":5,"featured_media":25598,"comment_status":"closed","ping_status":"closed","sticky":false,"template":"","format":"standard","meta":{"footnotes":""},"categories":[5,1,12],"tags":[],"class_list":["post-25594","post","type-post","status-publish","format-standard","has-post-thumbnail","hentry","category-evenements","category-news","category-revue-de-presse"],"acf":[],"_links":{"self":[{"href":"https:\/\/www.iteanu.law\/en\/wp-json\/wp\/v2\/posts\/25594","targetHints":{"allow":["GET"]}}],"collection":[{"href":"https:\/\/www.iteanu.law\/en\/wp-json\/wp\/v2\/posts"}],"about":[{"href":"https:\/\/www.iteanu.law\/en\/wp-json\/wp\/v2\/types\/post"}],"author":[{"embeddable":true,"href":"https:\/\/www.iteanu.law\/en\/wp-json\/wp\/v2\/users\/5"}],"replies":[{"embeddable":true,"href":"https:\/\/www.iteanu.law\/en\/wp-json\/wp\/v2\/comments?post=25594"}],"version-history":[{"count":5,"href":"https:\/\/www.iteanu.law\/en\/wp-json\/wp\/v2\/posts\/25594\/revisions"}],"predecessor-version":[{"id":30106,"href":"https:\/\/www.iteanu.law\/en\/wp-json\/wp\/v2\/posts\/25594\/revisions\/30106"}],"wp:featuredmedia":[{"embeddable":true,"href":"https:\/\/www.iteanu.law\/en\/wp-json\/wp\/v2\/media\/25598"}],"wp:attachment":[{"href":"https:\/\/www.iteanu.law\/en\/wp-json\/wp\/v2\/media?parent=25594"}],"wp:term":[{"taxonomy":"category","embeddable":true,"href":"https:\/\/www.iteanu.law\/en\/wp-json\/wp\/v2\/categories?post=25594"},{"taxonomy":"post_tag","embeddable":true,"href":"https:\/\/www.iteanu.law\/en\/wp-json\/wp\/v2\/tags?post=25594"}],"curies":[{"name":"wp","href":"https:\/\/api.w.org\/{rel}","templated":true}]}}