{"id":2509,"date":"2019-01-28T18:43:56","date_gmt":"2019-01-28T17:43:56","guid":{"rendered":"https:\/\/www.iteanu.law\/?p=2509"},"modified":"2019-04-07T23:07:09","modified_gmt":"2019-04-07T21:07:09","slug":"interview-sur-ibm-les-cles-de-demain-le-cloud-le-service-le-plus-impacte-par-le-rgpd","status":"publish","type":"post","link":"https:\/\/www.iteanu.law\/en\/interview-sur-ibm-les-cles-de-demain-le-cloud-le-service-le-plus-impacte-par-le-rgpd\/","title":{"rendered":"(Interview) sur IBM, les cl\u00e9s de demain: le cloud, le service le plus impact\u00e9 par le RGPD"},"content":{"rendered":"<p class=\"qtranxs-available-languages-message qtranxs-available-languages-message-en\">Sorry, this entry is only available in <a href=\"https:\/\/www.iteanu.law\/fr\/wp-json\/wp\/v2\/posts\/2509\" class=\"qtranxs-available-language-link qtranxs-available-language-link-fr\" title=\"FR\">FR<\/a>. For the sake of viewer convenience, the content is shown below in the alternative language. You may click the link to switch the active language.<\/p><p>Le 28 Janvier 2019, sur &lt;lemonde.fr&gt; pages partenaires IBM, Olivier Iteanu est interrog\u00e9 comme influenceur, sur l&#8217;impact du RGPD sur les services informatiques.<\/p>\n<p>L&#8217;article donne la r\u00e9ponse dans son titre: le cloud computing ou informatique en nuage, est le service le plus impact\u00e9 par le R\u00e8glement G\u00e9n\u00e9ral sur la Protection des Donn\u00e9es entr\u00e9 en application le 25 Mai 2018, dit RGPD.<\/p>\n<p>Il est vrai que l&#8217;\u00e9v\u00e8nement majeur du RGPD est l&#8217;entr\u00e9e par la grande porte des sous-traitants, en anglais <em>processor<\/em>, d\u00e9sormais soumis \u00e0 la r\u00e9glementation sp\u00e9cifique dite informatique et libert\u00e9s, au contr\u00f4le de l&#8217;autorit\u00e9 de contr\u00f4le, la <a href=\"https:\/\/www.cnil.fr\/professionnel\">CNIL<\/a>, et \u00e0 ses \u00e9ventuelles sanctions.<\/p>\n<p>D\u00e8s lors, les responsables de traitement, qui restent en contr\u00f4le des donn\u00e9es personnelles qu&#8217;ils confient \u00e0 des sous-traitants, pourraient voir leur responsabilit\u00e9 juridique engag\u00e9e, pour des manquements provoqu\u00e9s par leurs sous-traitants. Le cloud se trouve alors en premi\u00e8re ligne.<\/p>\n<p>A ce jour, les clauses de responsabilit\u00e9, de notification des violations de donn\u00e9es \u00e0 caract\u00e8re personnel, et autres dispositions sensibles pour les responsables de traitement, donnent lieu \u00e0 d\u2019\u00e2pres n\u00e9gociations entre prestataires cloud et leurs clients.<\/p>\n<p>C&#8217;est \u00e0 lire<a href=\"https:\/\/lesclesdedemain.lemonde.fr\/dossiers\/la-nouvelle-donne-du-cloud-hybride_f-252.html\"> ici<\/a>.<\/p>\n<p>&nbsp;<\/p>","protected":false},"excerpt":{"rendered":"<p>Sorry, this entry is only available in FR. For the sake of viewer convenience, the content is shown below in the alternative language. You may click the link to switch the active language.Le 28 Janvier 2019, sur &lt;lemonde.fr&gt; pages partenaires IBM, Olivier Iteanu est interrog\u00e9 comme influenceur, sur l&#8217;impact du RGPD sur les services informatiques. [&hellip;]<\/p>\n","protected":false},"author":5,"featured_media":2510,"comment_status":"closed","ping_status":"closed","sticky":false,"template":"","format":"standard","meta":{"footnotes":""},"categories":[6,12],"tags":[],"class_list":["post-2509","post","type-post","status-publish","format-standard","has-post-thumbnail","hentry","category-blog","category-revue-de-presse"],"acf":[],"_links":{"self":[{"href":"https:\/\/www.iteanu.law\/en\/wp-json\/wp\/v2\/posts\/2509","targetHints":{"allow":["GET"]}}],"collection":[{"href":"https:\/\/www.iteanu.law\/en\/wp-json\/wp\/v2\/posts"}],"about":[{"href":"https:\/\/www.iteanu.law\/en\/wp-json\/wp\/v2\/types\/post"}],"author":[{"embeddable":true,"href":"https:\/\/www.iteanu.law\/en\/wp-json\/wp\/v2\/users\/5"}],"replies":[{"embeddable":true,"href":"https:\/\/www.iteanu.law\/en\/wp-json\/wp\/v2\/comments?post=2509"}],"version-history":[{"count":2,"href":"https:\/\/www.iteanu.law\/en\/wp-json\/wp\/v2\/posts\/2509\/revisions"}],"predecessor-version":[{"id":2512,"href":"https:\/\/www.iteanu.law\/en\/wp-json\/wp\/v2\/posts\/2509\/revisions\/2512"}],"wp:featuredmedia":[{"embeddable":true,"href":"https:\/\/www.iteanu.law\/en\/wp-json\/wp\/v2\/media\/2510"}],"wp:attachment":[{"href":"https:\/\/www.iteanu.law\/en\/wp-json\/wp\/v2\/media?parent=2509"}],"wp:term":[{"taxonomy":"category","embeddable":true,"href":"https:\/\/www.iteanu.law\/en\/wp-json\/wp\/v2\/categories?post=2509"},{"taxonomy":"post_tag","embeddable":true,"href":"https:\/\/www.iteanu.law\/en\/wp-json\/wp\/v2\/tags?post=2509"}],"curies":[{"name":"wp","href":"https:\/\/api.w.org\/{rel}","templated":true}]}}