{"id":24650,"date":"2021-06-19T17:19:19","date_gmt":"2021-06-19T15:19:19","guid":{"rendered":"https:\/\/www.iteanu.law\/?p=24650"},"modified":"2021-11-07T19:18:28","modified_gmt":"2021-11-07T18:18:28","slug":"24-juin-2021-clubhouse-la-voix-une-identite-une-marque-ou-un-instrument","status":"publish","type":"post","link":"https:\/\/www.iteanu.law\/en\/24-juin-2021-clubhouse-la-voix-une-identite-une-marque-ou-un-instrument\/","title":{"rendered":"(24 Juin 2021) Clubhouse &#8220;La voix, une identit\u00e9, une marque ou un instrument ?&#8221;"},"content":{"rendered":"<p class=\"qtranxs-available-languages-message qtranxs-available-languages-message-en\">Sorry, this entry is only available in <a href=\"https:\/\/www.iteanu.law\/fr\/wp-json\/wp\/v2\/posts\/24650\" class=\"qtranxs-available-language-link qtranxs-available-language-link-fr\" title=\"FR\">FR<\/a>. For the sake of viewer convenience, the content is shown below in the alternative language. You may click the link to switch the active language.<\/p><p><strong>Le 24 Juin 2021 \u00e0 21 heures<\/strong>, Olivier Iteanu intervient dans la room &#8220;<em>\u00e9mergences<\/em>&#8221; de <a href=\"https:\/\/www.linkedin.com\/in\/fadhilabrahimi\/?originalSubdomain=fr\">Fadhila Brahimi<\/a>, sur le th\u00e8me de &#8220;<em>la voix, une marque ou un instrument ?<\/em>&#8220;.<\/p>\n<p>La voix est-elle un \u00e9l\u00e9ment de l&#8217;identit\u00e9 de chacun ? Un attribut de la personnalit\u00e9 ?<\/p>\n<p>Le juriste ajouterait : la voix est-elle une donn\u00e9e \u00e0 caract\u00e8re personnel soumise au RGPD ?<\/p>\n<p>Mais la voix peut \u00e9galement \u00eatre le signe de ralliement du public \u00e0 un produit ou \u00e0 un service vendu et constituer alors une marque ? Les marques sonores existent bien : pourquoi ne pourrait-elle pas concerner la voix en tant que telle ? Peut-on d\u00e9poser une voix en tant que marque \u00e0 l&#8217;Institut National de la Propri\u00e9t\u00e9 Industrielle (<a href=\"https:\/\/www.inpi.fr\/fr\">INPI<\/a>) ?<\/p>\n<p>Ou enfin, la voix n&#8217;est-elle que l&#8217;instrument de l&#8217;expression de chacun sans autre consid\u00e9ration ? Une sorte d&#8217;objet technique neutre ?<\/p>\n<p>Ce seront l&#8217;ensemble de ces questions, et peut-\u00eatre d&#8217;autres, qui seront pos\u00e9es et d\u00e9battues dans cette room organis\u00e9e au sein du r\u00e9seau social audio Clubhouse.<\/p>\n<p>Anim\u00e9e et mod\u00e9r\u00e9e par Fadhila Brahimi avec comme invit\u00e9 sp\u00e9cial, le journaliste J\u00e9r\u00f4me Colombain, bien connu des auditeurs de FranceInfo d\u00e9sormais animateur du podcast <em>&#8220;<a href=\"https:\/\/podcast.ausha.co\/monde-numerique\">le monde num\u00e9rique<\/a>&#8220;,<\/em> la room comptera \u00e9galement un panel de qualit\u00e9 avec Jean-Philippe Encausse, Laurianne Kapriell et Dimitri Rep\u00e9rant.<\/p>\n<p>Pour tous renseignements, c&#8217;est <a href=\"https:\/\/www.clubhouse.com\/event\/M5gOVNpP\">ici<\/a>.<\/p>","protected":false},"excerpt":{"rendered":"<p>Sorry, this entry is only available in FR. For the sake of viewer convenience, the content is shown below in the alternative language. You may click the link to switch the active language.Le 24 Juin 2021 \u00e0 21 heures, Olivier Iteanu intervient dans la room &#8220;\u00e9mergences&#8221; de Fadhila Brahimi, sur le th\u00e8me de &#8220;la voix, [&hellip;]<\/p>\n","protected":false},"author":5,"featured_media":24409,"comment_status":"closed","ping_status":"closed","sticky":false,"template":"","format":"standard","meta":{"footnotes":""},"categories":[6],"tags":[],"class_list":["post-24650","post","type-post","status-publish","format-standard","has-post-thumbnail","hentry","category-blog"],"acf":[],"_links":{"self":[{"href":"https:\/\/www.iteanu.law\/en\/wp-json\/wp\/v2\/posts\/24650","targetHints":{"allow":["GET"]}}],"collection":[{"href":"https:\/\/www.iteanu.law\/en\/wp-json\/wp\/v2\/posts"}],"about":[{"href":"https:\/\/www.iteanu.law\/en\/wp-json\/wp\/v2\/types\/post"}],"author":[{"embeddable":true,"href":"https:\/\/www.iteanu.law\/en\/wp-json\/wp\/v2\/users\/5"}],"replies":[{"embeddable":true,"href":"https:\/\/www.iteanu.law\/en\/wp-json\/wp\/v2\/comments?post=24650"}],"version-history":[{"count":2,"href":"https:\/\/www.iteanu.law\/en\/wp-json\/wp\/v2\/posts\/24650\/revisions"}],"predecessor-version":[{"id":29427,"href":"https:\/\/www.iteanu.law\/en\/wp-json\/wp\/v2\/posts\/24650\/revisions\/29427"}],"wp:featuredmedia":[{"embeddable":true,"href":"https:\/\/www.iteanu.law\/en\/wp-json\/wp\/v2\/media\/24409"}],"wp:attachment":[{"href":"https:\/\/www.iteanu.law\/en\/wp-json\/wp\/v2\/media?parent=24650"}],"wp:term":[{"taxonomy":"category","embeddable":true,"href":"https:\/\/www.iteanu.law\/en\/wp-json\/wp\/v2\/categories?post=24650"},{"taxonomy":"post_tag","embeddable":true,"href":"https:\/\/www.iteanu.law\/en\/wp-json\/wp\/v2\/tags?post=24650"}],"curies":[{"name":"wp","href":"https:\/\/api.w.org\/{rel}","templated":true}]}}