{"id":23978,"date":"2021-05-18T21:40:42","date_gmt":"2021-05-18T19:40:42","guid":{"rendered":"https:\/\/www.iteanu.law\/?p=23978"},"modified":"2021-08-27T16:14:19","modified_gmt":"2021-08-27T14:14:19","slug":"20-mai-2021-rgpd-3ans-apres","status":"publish","type":"post","link":"https:\/\/www.iteanu.law\/en\/20-mai-2021-rgpd-3ans-apres\/","title":{"rendered":"(20 Mai 2021) RGPD, 3ans apr\u00e8s ?"},"content":{"rendered":"<p class=\"qtranxs-available-languages-message qtranxs-available-languages-message-en\">Sorry, this entry is only available in <a href=\"https:\/\/www.iteanu.law\/fr\/wp-json\/wp\/v2\/posts\/23978\" class=\"qtranxs-available-language-link qtranxs-available-language-link-fr\" title=\"FR\">FR<\/a>. For the sake of viewer convenience, the content is shown below in the alternative language. You may click the link to switch the active language.<\/p><p>Olivier Iteanu participe \u00e0 la table ronde de la r\u00e9daction du <a href=\"https:\/\/www.solutions-numeriques.com\/\">magazine Solutions Num\u00e9riques<\/a>.<\/p>\n<p>Son th\u00e8me : &#8220;le RGPD, 3ans apr\u00e8s&#8221;<\/p>\n<p>Car en effet, le RGPD a clairement impact\u00e9 nos soci\u00e9t\u00e9s, et ce n&#8217;est qu&#8217;un d\u00e9but.<\/p>\n<p>Cependant, cet impact n&#8217;est pas venu par l\u00e0 ou on le croyait et n&#8217;a peut-\u00eatre pas eu les effets escompt\u00e9s.<\/p>\n<p>Par exemple, on comptait beaucoup sur la <a href=\"https:\/\/www.cnil.fr\/professionnel\">CNIL<\/a> et ses nouveaux pouvoirs de sanctions notamment financi\u00e8res, mais le nombre de sanctions n&#8217;est pas en augmentation. En revanche, le niveau g\u00e9n\u00e9ral de connaissance et de sensibilit\u00e9 des populations \u00e0 la question des donn\u00e9es personnelles s&#8217;est largement d\u00e9velopp\u00e9. Or, ceci ne sera pas sans cons\u00e9quences. Actions individuelles en justice pour faire reconna\u00eetre ses droits ou actions de groupe devant les Tribunaux pour faire sanctionner un responsable de traitement hors la Loi vont se multiplier dans les mois et les ann\u00e9es qui viennent et c&#8217;est bien la diffusion de la connaissance du RGPD, notamment par la CNIL, qui aura contribu\u00e9 \u00e0 cette \u00e9volution.<\/p>\n<p>De m\u00eame, ce sont les grandes entreprises qui ont pouss\u00e9 leurs sous-traitants, le plus souvent des PME, \u00e0 se mettre en conformit\u00e9, faisant parfois m\u00eame d\u00e9pendre leurs commandes de la preuve de la mise en conformit\u00e9. L\u00e0 encore, le tissu de PME s&#8217;est adapt\u00e9 aux nouvelles r\u00e8gles entr\u00e9es en application en Mai 2018 et c&#8217;est tout l&#8217;\u00e9cosyst\u00e8me qui en profite, m\u00eame s&#8217;il reste encore beaucoup de travail \u00e0 faire.<\/p>\n<p>Aussi, cet anniversaire de trois ans m\u00e9ritait bien cette table ronde organis\u00e9e par le magazine Solutions Num\u00e9riques.<\/p>\n<p>Le programme est <a href=\"https:\/\/www.solutions-numeriques.com\/webinar\/table-ronde-de-la-redaction-rgpd-3-ans-apres\/\">ici<\/a>.<\/p>","protected":false},"excerpt":{"rendered":"<p>Sorry, this entry is only available in FR. For the sake of viewer convenience, the content is shown below in the alternative language. You may click the link to switch the active language.Olivier Iteanu participe \u00e0 la table ronde de la r\u00e9daction du magazine Solutions Num\u00e9riques. Son th\u00e8me : &#8220;le RGPD, 3ans apr\u00e8s&#8221; Car en [&hellip;]<\/p>\n","protected":false},"author":5,"featured_media":23988,"comment_status":"closed","ping_status":"closed","sticky":false,"template":"","format":"standard","meta":{"footnotes":""},"categories":[5],"tags":[],"class_list":["post-23978","post","type-post","status-publish","format-standard","has-post-thumbnail","hentry","category-evenements"],"acf":[],"_links":{"self":[{"href":"https:\/\/www.iteanu.law\/en\/wp-json\/wp\/v2\/posts\/23978","targetHints":{"allow":["GET"]}}],"collection":[{"href":"https:\/\/www.iteanu.law\/en\/wp-json\/wp\/v2\/posts"}],"about":[{"href":"https:\/\/www.iteanu.law\/en\/wp-json\/wp\/v2\/types\/post"}],"author":[{"embeddable":true,"href":"https:\/\/www.iteanu.law\/en\/wp-json\/wp\/v2\/users\/5"}],"replies":[{"embeddable":true,"href":"https:\/\/www.iteanu.law\/en\/wp-json\/wp\/v2\/comments?post=23978"}],"version-history":[{"count":5,"href":"https:\/\/www.iteanu.law\/en\/wp-json\/wp\/v2\/posts\/23978\/revisions"}],"predecessor-version":[{"id":27731,"href":"https:\/\/www.iteanu.law\/en\/wp-json\/wp\/v2\/posts\/23978\/revisions\/27731"}],"wp:featuredmedia":[{"embeddable":true,"href":"https:\/\/www.iteanu.law\/en\/wp-json\/wp\/v2\/media\/23988"}],"wp:attachment":[{"href":"https:\/\/www.iteanu.law\/en\/wp-json\/wp\/v2\/media?parent=23978"}],"wp:term":[{"taxonomy":"category","embeddable":true,"href":"https:\/\/www.iteanu.law\/en\/wp-json\/wp\/v2\/categories?post=23978"},{"taxonomy":"post_tag","embeddable":true,"href":"https:\/\/www.iteanu.law\/en\/wp-json\/wp\/v2\/tags?post=23978"}],"curies":[{"name":"wp","href":"https:\/\/api.w.org\/{rel}","templated":true}]}}