{"id":23714,"date":"2021-05-06T16:27:23","date_gmt":"2021-05-06T14:27:23","guid":{"rendered":"https:\/\/www.iteanu.law\/?p=23714"},"modified":"2021-05-06T16:33:07","modified_gmt":"2021-05-06T14:33:07","slug":"6-mai-2021-rgpd-et-securite-dans-le-cloud","status":"publish","type":"post","link":"https:\/\/www.iteanu.law\/en\/6-mai-2021-rgpd-et-securite-dans-le-cloud\/","title":{"rendered":"(6 Mai 2021) RGPD et s\u00e9curit\u00e9 dans le cloud"},"content":{"rendered":"<p class=\"qtranxs-available-languages-message qtranxs-available-languages-message-en\">Sorry, this entry is only available in <a href=\"https:\/\/www.iteanu.law\/fr\/wp-json\/wp\/v2\/posts\/23714\" class=\"qtranxs-available-language-link qtranxs-available-language-link-fr\" title=\"FR\">FR<\/a>. For the sake of viewer convenience, the content is shown below in the alternative language. You may click the link to switch the active language.<\/p><p>En partenariat avec la <a href=\"https:\/\/www.rohde-schwarz.com\/fr\/accueil_48230.html\">Soci\u00e9t\u00e9 Rohde &amp; Schwarz<\/a>, Ma\u00eetre Olivier Iteanu est intervenu dans le cadre d&#8217;un webinar de plus d&#8217;une heure qui a r\u00e9uni jusqu&#8217;\u00e0 70 personnes.<\/p>\n<p>C&#8217;est <a href=\"https:\/\/www.linkedin.com\/in\/gilles-d-arpa-b66852\/?originalSubdomain=fr\">Gilles d&#8217;Arpa, VP Sales et Cloud Security<\/a> de la filiale fran\u00e7aise de Rohde &amp; Schwarz, qui assurait la partie technique et organisationnelle de cet \u00e9v\u00e8nement r\u00e9ussi, sur un sujet qui occupe beaucoup mla CNIL.<\/p>\n<p>En effet, dans son dernier rapport annuel \u00e0 la date de ce webinar, soit son rapport publi\u00e9 en Juin 2020 au titre de l&#8217;ann\u00e9e 2019, premi\u00e8re ann\u00e9e pleine, d&#8217;application du RGPD,<a href=\"https:\/\/www.cnil.fr\/sites\/default\/files\/atoms\/files\/cnil-40e_rapport_annuel_2019.pdf\"> la CNIL r\u00e9v\u00e8le que deux tiers de ses d\u00e9cisions<\/a> concernent des probl\u00e9matiques de cybers\u00e9curit\u00e9.<\/p>\n<p>Suivons ci-apr\u00e8s cette heure de pr\u00e9sentation et d&#8217;\u00e9change :<\/p>\n<p><iframe loading=\"lazy\" title=\"S\u00e9curit\u00e9 des donn\u00e9es dans le cloud avec Ma\u00eetre Olivier Iteanu\" width=\"500\" height=\"281\" src=\"https:\/\/www.youtube.com\/embed\/lJU61MISPik?feature=oembed\" frameborder=\"0\" allow=\"accelerometer; autoplay; clipboard-write; encrypted-media; gyroscope; picture-in-picture; web-share\" referrerpolicy=\"strict-origin-when-cross-origin\" allowfullscreen><\/iframe><\/p>\n<p><\/p>","protected":false},"excerpt":{"rendered":"<p>Sorry, this entry is only available in FR. For the sake of viewer convenience, the content is shown below in the alternative language. You may click the link to switch the active language.En partenariat avec la Soci\u00e9t\u00e9 Rohde &amp; Schwarz, Ma\u00eetre Olivier Iteanu est intervenu dans le cadre d&#8217;un webinar de plus d&#8217;une heure qui [&hellip;]<\/p>\n","protected":false},"author":5,"featured_media":23715,"comment_status":"closed","ping_status":"closed","sticky":false,"template":"","format":"standard","meta":{"footnotes":""},"categories":[5],"tags":[],"class_list":["post-23714","post","type-post","status-publish","format-standard","has-post-thumbnail","hentry","category-evenements"],"acf":[],"_links":{"self":[{"href":"https:\/\/www.iteanu.law\/en\/wp-json\/wp\/v2\/posts\/23714","targetHints":{"allow":["GET"]}}],"collection":[{"href":"https:\/\/www.iteanu.law\/en\/wp-json\/wp\/v2\/posts"}],"about":[{"href":"https:\/\/www.iteanu.law\/en\/wp-json\/wp\/v2\/types\/post"}],"author":[{"embeddable":true,"href":"https:\/\/www.iteanu.law\/en\/wp-json\/wp\/v2\/users\/5"}],"replies":[{"embeddable":true,"href":"https:\/\/www.iteanu.law\/en\/wp-json\/wp\/v2\/comments?post=23714"}],"version-history":[{"count":4,"href":"https:\/\/www.iteanu.law\/en\/wp-json\/wp\/v2\/posts\/23714\/revisions"}],"predecessor-version":[{"id":23719,"href":"https:\/\/www.iteanu.law\/en\/wp-json\/wp\/v2\/posts\/23714\/revisions\/23719"}],"wp:featuredmedia":[{"embeddable":true,"href":"https:\/\/www.iteanu.law\/en\/wp-json\/wp\/v2\/media\/23715"}],"wp:attachment":[{"href":"https:\/\/www.iteanu.law\/en\/wp-json\/wp\/v2\/media?parent=23714"}],"wp:term":[{"taxonomy":"category","embeddable":true,"href":"https:\/\/www.iteanu.law\/en\/wp-json\/wp\/v2\/categories?post=23714"},{"taxonomy":"post_tag","embeddable":true,"href":"https:\/\/www.iteanu.law\/en\/wp-json\/wp\/v2\/tags?post=23714"}],"curies":[{"name":"wp","href":"https:\/\/api.w.org\/{rel}","templated":true}]}}