{"id":21993,"date":"2020-01-01T12:22:14","date_gmt":"2020-01-01T11:22:14","guid":{"rendered":"https:\/\/www.iteanu.law\/?p=21993"},"modified":"2022-10-15T12:29:02","modified_gmt":"2022-10-15T10:29:02","slug":"16-mars-2021-pratique-des-contrats-informatiques-formation-avocats","status":"publish","type":"post","link":"https:\/\/www.iteanu.law\/en\/16-mars-2021-pratique-des-contrats-informatiques-formation-avocats\/","title":{"rendered":"Pratique des contrats informatiques pour les Avocats"},"content":{"rendered":"<p class=\"qtranxs-available-languages-message qtranxs-available-languages-message-en\">Sorry, this entry is only available in <a href=\"https:\/\/www.iteanu.law\/fr\/wp-json\/wp\/v2\/posts\/21993\" class=\"qtranxs-available-language-link qtranxs-available-language-link-fr\" title=\"FR\">FR<\/a>. For the sake of viewer convenience, the content is shown below in the alternative language. You may click the link to switch the active language.<\/p><p>En 2021, Ma\u00eetre Olivier Iteanu en collaboration avec Monsieur Dominique Van Egroo, ing\u00e9nieur informatique, ancien expert agr\u00e9\u00e9 \u00e0 la Cour d&#8217;appel de Paris en informatique et ancien Avocat, organise une formation \u00e0 <a href=\"http:\/\/www.efb.fr\/EC_presentation.html\">l&#8217;Ecole Fran\u00e7aise du Barreau , <\/a>c&#8217;est \u00e0 dire l&#8217;\u00e9cole de l&#8217;Ordre des Avocats du Barreau de Paris.<\/p>\n<p>Cette formation, destin\u00e9e aux Avocats pour leur propre formation continue, portera sur &#8220;<em>la pratique des contrats informatiques&#8221;<\/em>.<\/p>\n<p>Le contrat informatique est soumis au droit commun du droit des obligations mais offre des particularit\u00e9s inh\u00e9rentes \u00e0 la fois, \u00e0 la technique informatique et aux pratiques issues du droit anglo-saxon.<\/p>\n<p>L&#8217;informatique subit \u00e9galement la r\u00e9volution du &#8220;<em>cloud computing<\/em>&#8221; qui introduit en force dans la mati\u00e8re, les notions de r\u00e9seaux num\u00e9riques, d&#8217;h\u00e9bergement et de donn\u00e9es.<\/p>\n<p>Information sur cette formation en distanciel et inscriptions, se trouvent <a href=\"https:\/\/site.evenium.net\/lapratiquedescontratsinformatiques\/registration\">ici<\/a>.<\/p>","protected":false},"excerpt":{"rendered":"<p>Sorry, this entry is only available in FR. For the sake of viewer convenience, the content is shown below in the alternative language. You may click the link to switch the active language.En 2021, Ma\u00eetre Olivier Iteanu en collaboration avec Monsieur Dominique Van Egroo, ing\u00e9nieur informatique, ancien expert agr\u00e9\u00e9 \u00e0 la Cour d&#8217;appel de Paris [&hellip;]<\/p>\n","protected":false},"author":5,"featured_media":21994,"comment_status":"closed","ping_status":"closed","sticky":false,"template":"","format":"standard","meta":{"footnotes":""},"categories":[5,14],"tags":[],"class_list":["post-21993","post","type-post","status-publish","format-standard","has-post-thumbnail","hentry","category-evenements","category-formations"],"acf":[],"_links":{"self":[{"href":"https:\/\/www.iteanu.law\/en\/wp-json\/wp\/v2\/posts\/21993","targetHints":{"allow":["GET"]}}],"collection":[{"href":"https:\/\/www.iteanu.law\/en\/wp-json\/wp\/v2\/posts"}],"about":[{"href":"https:\/\/www.iteanu.law\/en\/wp-json\/wp\/v2\/types\/post"}],"author":[{"embeddable":true,"href":"https:\/\/www.iteanu.law\/en\/wp-json\/wp\/v2\/users\/5"}],"replies":[{"embeddable":true,"href":"https:\/\/www.iteanu.law\/en\/wp-json\/wp\/v2\/comments?post=21993"}],"version-history":[{"count":4,"href":"https:\/\/www.iteanu.law\/en\/wp-json\/wp\/v2\/posts\/21993\/revisions"}],"predecessor-version":[{"id":36119,"href":"https:\/\/www.iteanu.law\/en\/wp-json\/wp\/v2\/posts\/21993\/revisions\/36119"}],"wp:featuredmedia":[{"embeddable":true,"href":"https:\/\/www.iteanu.law\/en\/wp-json\/wp\/v2\/media\/21994"}],"wp:attachment":[{"href":"https:\/\/www.iteanu.law\/en\/wp-json\/wp\/v2\/media?parent=21993"}],"wp:term":[{"taxonomy":"category","embeddable":true,"href":"https:\/\/www.iteanu.law\/en\/wp-json\/wp\/v2\/categories?post=21993"},{"taxonomy":"post_tag","embeddable":true,"href":"https:\/\/www.iteanu.law\/en\/wp-json\/wp\/v2\/tags?post=21993"}],"curies":[{"name":"wp","href":"https:\/\/api.w.org\/{rel}","templated":true}]}}