{"id":21282,"date":"2021-01-04T17:17:58","date_gmt":"2021-01-04T16:17:58","guid":{"rendered":"https:\/\/www.iteanu.law\/?p=21282"},"modified":"2021-01-04T17:17:58","modified_gmt":"2021-01-04T16:17:58","slug":"magazine-forbes-21-decembre-2020-contrat-et-cloud-computing","status":"publish","type":"post","link":"https:\/\/www.iteanu.law\/en\/magazine-forbes-21-decembre-2020-contrat-et-cloud-computing\/","title":{"rendered":"Magazine Forbes (21 d\u00e9cembre 2020) contrat et cloud computing"},"content":{"rendered":"<p class=\"qtranxs-available-languages-message qtranxs-available-languages-message-en\">Sorry, this entry is only available in <a href=\"https:\/\/www.iteanu.law\/fr\/wp-json\/wp\/v2\/posts\/21282\" class=\"qtranxs-available-language-link qtranxs-available-language-link-fr\" title=\"FR\">FR<\/a>. For the sake of viewer convenience, the content is shown below in the alternative language. You may click the link to switch the active language.<\/p><p>Le contrat est l&#8217;outil juridique du cloud computing, \u00e0 condition qu&#8217;il soit habilement r\u00e9dig\u00e9.<\/p>\n<p>En effet, le contrat doit, en particulier, organiser la relation entre le prestataire et son client au regard des responsabilit\u00e9s des uns et des autres, au titre des donn\u00e9es h\u00e9berg\u00e9es.<\/p>\n<p>Cela concerne tant les donn\u00e9es \u00e0 caract\u00e8re personnel, pour lesquelles le RGPD a d\u00e9fini des r\u00f4les et des statuts juridiques associ\u00e9s, que les donn\u00e9es non nominatives, pour lesquelles un juge se reportera pour celles-l\u00e0 au contrat, loi des parties, pour d\u00e9terminer les responsabilit\u00e9s de chacun en fonction du cas soumis.<\/p>\n<p>C&#8217;\u00e9tait le sens de l&#8217;intervention de Ma\u00eetre Alexandra ITEANU dans un salon professionnel \u00e0 Paris, r\u00e9sum\u00e9 dans un article paru dans le magazine Forbes du 21 D\u00e9cembre 2020.<\/p>\n<p><a href=\"https:\/\/www.iteanu.law\/wp-content\/uploads\/Forbes.pdf\">Lire l&#8217;article publi\u00e9 dans le magazine n\u00b013 Forbes du 12 D\u00e9cembre 2020<\/a><\/p>\n<p><\/p>","protected":false},"excerpt":{"rendered":"<p>Sorry, this entry is only available in FR. For the sake of viewer convenience, the content is shown below in the alternative language. You may click the link to switch the active language.Le contrat est l&#8217;outil juridique du cloud computing, \u00e0 condition qu&#8217;il soit habilement r\u00e9dig\u00e9. En effet, le contrat doit, en particulier, organiser la [&hellip;]<\/p>\n","protected":false},"author":5,"featured_media":21289,"comment_status":"closed","ping_status":"closed","sticky":false,"template":"","format":"standard","meta":{"footnotes":""},"categories":[12],"tags":[],"class_list":["post-21282","post","type-post","status-publish","format-standard","has-post-thumbnail","hentry","category-revue-de-presse"],"acf":[],"_links":{"self":[{"href":"https:\/\/www.iteanu.law\/en\/wp-json\/wp\/v2\/posts\/21282","targetHints":{"allow":["GET"]}}],"collection":[{"href":"https:\/\/www.iteanu.law\/en\/wp-json\/wp\/v2\/posts"}],"about":[{"href":"https:\/\/www.iteanu.law\/en\/wp-json\/wp\/v2\/types\/post"}],"author":[{"embeddable":true,"href":"https:\/\/www.iteanu.law\/en\/wp-json\/wp\/v2\/users\/5"}],"replies":[{"embeddable":true,"href":"https:\/\/www.iteanu.law\/en\/wp-json\/wp\/v2\/comments?post=21282"}],"version-history":[{"count":3,"href":"https:\/\/www.iteanu.law\/en\/wp-json\/wp\/v2\/posts\/21282\/revisions"}],"predecessor-version":[{"id":21288,"href":"https:\/\/www.iteanu.law\/en\/wp-json\/wp\/v2\/posts\/21282\/revisions\/21288"}],"wp:featuredmedia":[{"embeddable":true,"href":"https:\/\/www.iteanu.law\/en\/wp-json\/wp\/v2\/media\/21289"}],"wp:attachment":[{"href":"https:\/\/www.iteanu.law\/en\/wp-json\/wp\/v2\/media?parent=21282"}],"wp:term":[{"taxonomy":"category","embeddable":true,"href":"https:\/\/www.iteanu.law\/en\/wp-json\/wp\/v2\/categories?post=21282"},{"taxonomy":"post_tag","embeddable":true,"href":"https:\/\/www.iteanu.law\/en\/wp-json\/wp\/v2\/tags?post=21282"}],"curies":[{"name":"wp","href":"https:\/\/api.w.org\/{rel}","templated":true}]}}