{"id":2034,"date":"2018-12-02T11:37:09","date_gmt":"2018-12-02T10:37:09","guid":{"rendered":"https:\/\/www.iteanu.law\/?p=2034"},"modified":"2018-12-02T11:37:09","modified_gmt":"2018-12-02T10:37:09","slug":"france-info-le-rgpd-et-laction-de-groupe-9-novembre-2018","status":"publish","type":"post","link":"https:\/\/www.iteanu.law\/en\/france-info-le-rgpd-et-laction-de-groupe-9-novembre-2018\/","title":{"rendered":"France Info, Le RGPD et l&#8217;action de groupe &#8211; 9 Novembre 2018"},"content":{"rendered":"<p class=\"qtranxs-available-languages-message qtranxs-available-languages-message-en\">Sorry, this entry is only available in <a href=\"https:\/\/www.iteanu.law\/fr\/wp-json\/wp\/v2\/posts\/2034\" class=\"qtranxs-available-language-link qtranxs-available-language-link-fr\" title=\"FR\">FR<\/a>. For the sake of viewer convenience, the content is shown below in the alternative language. You may click the link to switch the active language.<\/p><p>Une interview d&#8217;Olivier Iteanu sur la radio d&#8217;information France Info, \u00e0 propos de la premi\u00e8re action de groupe indemnitaire engag\u00e9e \u00e0 l&#8217;encontre des Soci\u00e9t\u00e9s du Grouge Facebook, en France.<\/p>\n<p>Une premi\u00e8re europ\u00e9enne, en mati\u00e8re de donn\u00e9es \u00e0 caract\u00e8re personnel.<\/p>\n<p><a href=\"https:\/\/www.francetvinfo.fr\/internet\/reseaux-sociaux\/facebook\/action-de-groupe-contre-facebook-il-est-temps-aujourdhui-quon-siffle-la-fin-de-la-partie_3026347.html\">A \u00e9couter<\/a>.<\/p>","protected":false},"excerpt":{"rendered":"<p>Sorry, this entry is only available in FR. For the sake of viewer convenience, the content is shown below in the alternative language. You may click the link to switch the active language.Une interview d&#8217;Olivier Iteanu sur la radio d&#8217;information France Info, \u00e0 propos de la premi\u00e8re action de groupe indemnitaire engag\u00e9e \u00e0 l&#8217;encontre des [&hellip;]<\/p>\n","protected":false},"author":5,"featured_media":2035,"comment_status":"closed","ping_status":"closed","sticky":false,"template":"","format":"standard","meta":{"footnotes":""},"categories":[12],"tags":[],"class_list":["post-2034","post","type-post","status-publish","format-standard","has-post-thumbnail","hentry","category-revue-de-presse"],"acf":[],"_links":{"self":[{"href":"https:\/\/www.iteanu.law\/en\/wp-json\/wp\/v2\/posts\/2034","targetHints":{"allow":["GET"]}}],"collection":[{"href":"https:\/\/www.iteanu.law\/en\/wp-json\/wp\/v2\/posts"}],"about":[{"href":"https:\/\/www.iteanu.law\/en\/wp-json\/wp\/v2\/types\/post"}],"author":[{"embeddable":true,"href":"https:\/\/www.iteanu.law\/en\/wp-json\/wp\/v2\/users\/5"}],"replies":[{"embeddable":true,"href":"https:\/\/www.iteanu.law\/en\/wp-json\/wp\/v2\/comments?post=2034"}],"version-history":[{"count":1,"href":"https:\/\/www.iteanu.law\/en\/wp-json\/wp\/v2\/posts\/2034\/revisions"}],"predecessor-version":[{"id":2036,"href":"https:\/\/www.iteanu.law\/en\/wp-json\/wp\/v2\/posts\/2034\/revisions\/2036"}],"wp:featuredmedia":[{"embeddable":true,"href":"https:\/\/www.iteanu.law\/en\/wp-json\/wp\/v2\/media\/2035"}],"wp:attachment":[{"href":"https:\/\/www.iteanu.law\/en\/wp-json\/wp\/v2\/media?parent=2034"}],"wp:term":[{"taxonomy":"category","embeddable":true,"href":"https:\/\/www.iteanu.law\/en\/wp-json\/wp\/v2\/categories?post=2034"},{"taxonomy":"post_tag","embeddable":true,"href":"https:\/\/www.iteanu.law\/en\/wp-json\/wp\/v2\/tags?post=2034"}],"curies":[{"name":"wp","href":"https:\/\/api.w.org\/{rel}","templated":true}]}}