{"id":2032,"date":"2018-12-02T11:32:12","date_gmt":"2018-12-02T10:32:12","guid":{"rendered":"https:\/\/www.iteanu.law\/?p=2032"},"modified":"2018-12-02T11:32:12","modified_gmt":"2018-12-02T10:32:12","slug":"cloud-act-halte-a-la-propagande-site-deurocloud-france-novembre-2018","status":"publish","type":"post","link":"https:\/\/www.iteanu.law\/en\/cloud-act-halte-a-la-propagande-site-deurocloud-france-novembre-2018\/","title":{"rendered":"Cloud Act, halte \u00e0 la propagande ! Site d&#8217;Eurocloud France &#8211; Novembre 2018"},"content":{"rendered":"<p class=\"qtranxs-available-languages-message qtranxs-available-languages-message-en\">Sorry, this entry is only available in <a href=\"https:\/\/www.iteanu.law\/fr\/wp-json\/wp\/v2\/posts\/2032\" class=\"qtranxs-available-language-link qtranxs-available-language-link-fr\" title=\"FR\">FR<\/a>. For the sake of viewer convenience, the content is shown below in the alternative language. You may click the link to switch the active language.<\/p><p>Un article publi\u00e9 sur le site d&#8217;Eurocloud France par Olivier Iteanu, son vice-Pr\u00e9sident, sur le th\u00e8me du Cloud Act, cette Loi am\u00e9ricaine vot\u00e9e par le Congr\u00e8s am\u00e9ricain le 23 mars 2018.<\/p>\n<p>Un article qui r\u00e9pond \u00e0 ceux qui voudraient bien qu&#8217;on en parle ou qu&#8217;on l&#8217;oublie.<\/p>\n<p><a href=\"https:\/\/www.eurocloud.fr\/cloud-act-halte-a-la-propagande\/\">A lire<\/a> absolument.<\/p>","protected":false},"excerpt":{"rendered":"<p>Sorry, this entry is only available in FR. For the sake of viewer convenience, the content is shown below in the alternative language. You may click the link to switch the active language.Un article publi\u00e9 sur le site d&#8217;Eurocloud France par Olivier Iteanu, son vice-Pr\u00e9sident, sur le th\u00e8me du Cloud Act, cette Loi am\u00e9ricaine vot\u00e9e [&hellip;]<\/p>\n","protected":false},"author":5,"featured_media":692,"comment_status":"closed","ping_status":"closed","sticky":false,"template":"","format":"standard","meta":{"footnotes":""},"categories":[12],"tags":[],"class_list":["post-2032","post","type-post","status-publish","format-standard","has-post-thumbnail","hentry","category-revue-de-presse"],"acf":[],"_links":{"self":[{"href":"https:\/\/www.iteanu.law\/en\/wp-json\/wp\/v2\/posts\/2032","targetHints":{"allow":["GET"]}}],"collection":[{"href":"https:\/\/www.iteanu.law\/en\/wp-json\/wp\/v2\/posts"}],"about":[{"href":"https:\/\/www.iteanu.law\/en\/wp-json\/wp\/v2\/types\/post"}],"author":[{"embeddable":true,"href":"https:\/\/www.iteanu.law\/en\/wp-json\/wp\/v2\/users\/5"}],"replies":[{"embeddable":true,"href":"https:\/\/www.iteanu.law\/en\/wp-json\/wp\/v2\/comments?post=2032"}],"version-history":[{"count":1,"href":"https:\/\/www.iteanu.law\/en\/wp-json\/wp\/v2\/posts\/2032\/revisions"}],"predecessor-version":[{"id":2033,"href":"https:\/\/www.iteanu.law\/en\/wp-json\/wp\/v2\/posts\/2032\/revisions\/2033"}],"wp:featuredmedia":[{"embeddable":true,"href":"https:\/\/www.iteanu.law\/en\/wp-json\/wp\/v2\/media\/692"}],"wp:attachment":[{"href":"https:\/\/www.iteanu.law\/en\/wp-json\/wp\/v2\/media?parent=2032"}],"wp:term":[{"taxonomy":"category","embeddable":true,"href":"https:\/\/www.iteanu.law\/en\/wp-json\/wp\/v2\/categories?post=2032"},{"taxonomy":"post_tag","embeddable":true,"href":"https:\/\/www.iteanu.law\/en\/wp-json\/wp\/v2\/tags?post=2032"}],"curies":[{"name":"wp","href":"https:\/\/api.w.org\/{rel}","templated":true}]}}