{"id":18900,"date":"2020-10-13T22:56:43","date_gmt":"2020-10-13T20:56:43","guid":{"rendered":"https:\/\/www.iteanu.law\/?p=18900"},"modified":"2020-10-13T22:56:43","modified_gmt":"2020-10-13T20:56:43","slug":"14-10-2020-contrats-du-cloud-urbaniser-son-systeme-dinformation","status":"publish","type":"post","link":"https:\/\/www.iteanu.law\/en\/14-10-2020-contrats-du-cloud-urbaniser-son-systeme-dinformation\/","title":{"rendered":"14\/10\/2020 Contrats du Cloud &#8211; urbaniser son syst\u00e8me d&#8217;information"},"content":{"rendered":"<p class=\"qtranxs-available-languages-message qtranxs-available-languages-message-en\">Sorry, this entry is only available in <a href=\"https:\/\/www.iteanu.law\/fr\/wp-json\/wp\/v2\/posts\/18900\" class=\"qtranxs-available-language-link qtranxs-available-language-link-fr\" title=\"FR\">FR<\/a>. For the sake of viewer convenience, the content is shown below in the alternative language. You may click the link to switch the active language.<\/p><p>Ma\u00eetre Olivier Iteanu est l&#8217;invit\u00e9 de <a href=\"https:\/\/www.techinfrance.fr\/\">TechInFrance<\/a>, organisatrice d&#8217;un webinar sur le cloud computing.<\/p>\n<p>Un webinar organis\u00e9 autour de la notion &#8220;<em>d&#8217;urbanisation des syst\u00e8mes d&#8217;information<\/em>&#8220;.<\/p>\n<p>Ce webinar fait \u00e9galement intervenir des repr\u00e9sentants du Groupe Hisi, de Salvia D\u00e9veloppement et d&#8217;OVK.<\/p>\n<p>TECH IN France est une association de professionnels du logiciel et services en ligne, qui a \u00e9t\u00e9 cr\u00e9\u00e9e en octobre 2005 (nomm\u00e9e \u00e0 l&#8217;origine l&#8217;Association Fran\u00e7aise des Editeurs de Logiciels et Solutions Internet) pour pallier le d\u00e9ficit de repr\u00e9sentation de la fili\u00e8re num\u00e9rique (Logiciel).<\/p>\n<p>La pr\u00e9sentation compl\u00e8te du webinar est <a href=\"https:\/\/www.techinfrance.fr\/partenaire-14-10-hybridation-mutli-clouds-clouds-publics-urbanisez-vos-systemes-dinformation\/\">ici<\/a>.<\/p>","protected":false},"excerpt":{"rendered":"<p>Sorry, this entry is only available in FR. For the sake of viewer convenience, the content is shown below in the alternative language. You may click the link to switch the active language.Ma\u00eetre Olivier Iteanu est l&#8217;invit\u00e9 de TechInFrance, organisatrice d&#8217;un webinar sur le cloud computing. Un webinar organis\u00e9 autour de la notion &#8220;d&#8217;urbanisation des [&hellip;]<\/p>\n","protected":false},"author":5,"featured_media":524,"comment_status":"closed","ping_status":"closed","sticky":true,"template":"","format":"standard","meta":{"footnotes":""},"categories":[5],"tags":[],"class_list":["post-18900","post","type-post","status-publish","format-standard","has-post-thumbnail","hentry","category-evenements"],"acf":[],"_links":{"self":[{"href":"https:\/\/www.iteanu.law\/en\/wp-json\/wp\/v2\/posts\/18900","targetHints":{"allow":["GET"]}}],"collection":[{"href":"https:\/\/www.iteanu.law\/en\/wp-json\/wp\/v2\/posts"}],"about":[{"href":"https:\/\/www.iteanu.law\/en\/wp-json\/wp\/v2\/types\/post"}],"author":[{"embeddable":true,"href":"https:\/\/www.iteanu.law\/en\/wp-json\/wp\/v2\/users\/5"}],"replies":[{"embeddable":true,"href":"https:\/\/www.iteanu.law\/en\/wp-json\/wp\/v2\/comments?post=18900"}],"version-history":[{"count":1,"href":"https:\/\/www.iteanu.law\/en\/wp-json\/wp\/v2\/posts\/18900\/revisions"}],"predecessor-version":[{"id":18901,"href":"https:\/\/www.iteanu.law\/en\/wp-json\/wp\/v2\/posts\/18900\/revisions\/18901"}],"wp:featuredmedia":[{"embeddable":true,"href":"https:\/\/www.iteanu.law\/en\/wp-json\/wp\/v2\/media\/524"}],"wp:attachment":[{"href":"https:\/\/www.iteanu.law\/en\/wp-json\/wp\/v2\/media?parent=18900"}],"wp:term":[{"taxonomy":"category","embeddable":true,"href":"https:\/\/www.iteanu.law\/en\/wp-json\/wp\/v2\/categories?post=18900"},{"taxonomy":"post_tag","embeddable":true,"href":"https:\/\/www.iteanu.law\/en\/wp-json\/wp\/v2\/tags?post=18900"}],"curies":[{"name":"wp","href":"https:\/\/api.w.org\/{rel}","templated":true}]}}