{"id":1823,"date":"2018-10-04T22:17:06","date_gmt":"2018-10-04T20:17:06","guid":{"rendered":"https:\/\/www.iteanu.law\/?p=1823"},"modified":"2018-10-04T22:21:37","modified_gmt":"2018-10-04T20:21:37","slug":"1-10-18-quand-lediteur-de-logiciel-choisit-un-hebergeur","status":"publish","type":"post","link":"https:\/\/www.iteanu.law\/en\/1-10-18-quand-lediteur-de-logiciel-choisit-un-hebergeur\/","title":{"rendered":"(1\/10\/18) Quand l&#8217;\u00e9diteur de logiciel choisit un h\u00e9bergeur"},"content":{"rendered":"<p class=\"qtranxs-available-languages-message qtranxs-available-languages-message-en\">Sorry, this entry is only available in <a href=\"https:\/\/www.iteanu.law\/fr\/wp-json\/wp\/v2\/posts\/1823\" class=\"qtranxs-available-language-link qtranxs-available-language-link-fr\" title=\"FR\">FR<\/a>. For the sake of viewer convenience, the content is shown below in the alternative language. You may click the link to switch the active language.<\/p><p>L&#8217;association professionnelle TECH IN FRANCE, ex Association Fran\u00e7aise des Editeurs de Logiciels, organisait le 1er Octobre 2018, au sein de sa Commission Saas, une r\u00e9union sur les bonnes questions \u00e0 se poser pour le choix d&#8217;un h\u00e9bergeur.<\/p>\n<p>Les \u00e9diteurs de logiciels ont bascul\u00e9 dans leur vaste majorit\u00e9, dans l&#8217;offre Software As A Service (Saas).<\/p>\n<p>De ce fait, les \u00e9diteurs doivent faire le choix d&#8217;un h\u00e9bergeur lorsqu&#8217;ils ne tentent pas eux-m\u00eames l&#8217;exp\u00e9rience.<\/p>\n<p>Or, la relation qu&#8217;ils seront amen\u00e9s \u00e0 cr\u00e9er avec ce nouveau fournisseur, est cruciale pour la r\u00e9ussite de leur entreprise.<\/p>\n<p>Le contrat sera l&#8217;outil juridique qui devra b\u00e2tir une relation \u00e9quilibr\u00e9e entre les deux professionnels. Ca n&#8217;est pas simple lorsqu&#8217;on est un petit \u00e9diteur de logiciels.<\/p>\n<p>La commission Saas de TECH IN FRANCE a d\u00e8s sollicit\u00e9 Ma\u00eetre Olivier Iteanu pour \u00e9voquer ce sujet dans le cadre d&#8217;une table ronde \u00e0 l&#8217;aune de l&#8217;entr\u00e9e en application du R\u00e8glement communautaire UE 2016\/679 sur les donn\u00e9es personnelles, dit RGPD.<\/p>\n<p>Une r\u00e9union r\u00e9ussie, bien vivante et plein de promesses.<\/p>\n<p>Olivier Iteanu \u00e9tait tout d\u00e9sign\u00e9 pour \u00e9voquer le volet juridique de la th\u00e9matique, Iteanu Avocats travaillant sur cette question depuis 18ans et le temps de l&#8217;ASP (Application Service Provider), anc\u00eatre du Cloud Computing. Olivier Iteanu et aujourd&#8217;hui vice-Pr\u00e9sident d&#8217;<a href=\"http:\/\/www.eurocloud.fr\/\">Eurocloud France<\/a>.<\/p>\n<p>Le compte-rendu \u00e9tabli par TECH IN FRANCE, est <a href=\"http:\/\/www.techinfrance.fr\/actualites\/categorie\/news_1\/article\/saas-les-questions-a-se-poser-pour-une-transition-reussie\">ici<\/a>.<\/p>","protected":false},"excerpt":{"rendered":"<p>Sorry, this entry is only available in FR. For the sake of viewer convenience, the content is shown below in the alternative language. You may click the link to switch the active language.L&#8217;association professionnelle TECH IN FRANCE, ex Association Fran\u00e7aise des Editeurs de Logiciels, organisait le 1er Octobre 2018, au sein de sa Commission Saas, [&hellip;]<\/p>\n","protected":false},"author":5,"featured_media":1824,"comment_status":"closed","ping_status":"closed","sticky":false,"template":"","format":"standard","meta":{"footnotes":""},"categories":[12],"tags":[],"class_list":["post-1823","post","type-post","status-publish","format-standard","has-post-thumbnail","hentry","category-revue-de-presse"],"acf":[],"_links":{"self":[{"href":"https:\/\/www.iteanu.law\/en\/wp-json\/wp\/v2\/posts\/1823","targetHints":{"allow":["GET"]}}],"collection":[{"href":"https:\/\/www.iteanu.law\/en\/wp-json\/wp\/v2\/posts"}],"about":[{"href":"https:\/\/www.iteanu.law\/en\/wp-json\/wp\/v2\/types\/post"}],"author":[{"embeddable":true,"href":"https:\/\/www.iteanu.law\/en\/wp-json\/wp\/v2\/users\/5"}],"replies":[{"embeddable":true,"href":"https:\/\/www.iteanu.law\/en\/wp-json\/wp\/v2\/comments?post=1823"}],"version-history":[{"count":2,"href":"https:\/\/www.iteanu.law\/en\/wp-json\/wp\/v2\/posts\/1823\/revisions"}],"predecessor-version":[{"id":1826,"href":"https:\/\/www.iteanu.law\/en\/wp-json\/wp\/v2\/posts\/1823\/revisions\/1826"}],"wp:featuredmedia":[{"embeddable":true,"href":"https:\/\/www.iteanu.law\/en\/wp-json\/wp\/v2\/media\/1824"}],"wp:attachment":[{"href":"https:\/\/www.iteanu.law\/en\/wp-json\/wp\/v2\/media?parent=1823"}],"wp:term":[{"taxonomy":"category","embeddable":true,"href":"https:\/\/www.iteanu.law\/en\/wp-json\/wp\/v2\/categories?post=1823"},{"taxonomy":"post_tag","embeddable":true,"href":"https:\/\/www.iteanu.law\/en\/wp-json\/wp\/v2\/tags?post=1823"}],"curies":[{"name":"wp","href":"https:\/\/api.w.org\/{rel}","templated":true}]}}