{"id":17415,"date":"2020-08-25T22:39:01","date_gmt":"2020-08-25T20:39:01","guid":{"rendered":"https:\/\/www.iteanu.law\/?p=17415"},"modified":"2020-08-25T22:42:10","modified_gmt":"2020-08-25T20:42:10","slug":"25-aout-2020-invalidation-du-privacy-shield-quelles-consequences","status":"publish","type":"post","link":"https:\/\/www.iteanu.law\/en\/25-aout-2020-invalidation-du-privacy-shield-quelles-consequences\/","title":{"rendered":"(25 ao\u00fbt 2020) Invalidation du Privacy Shield, quelles cons\u00e9quences"},"content":{"rendered":"<p class=\"qtranxs-available-languages-message qtranxs-available-languages-message-en\">Sorry, this entry is only available in <a href=\"https:\/\/www.iteanu.law\/fr\/wp-json\/wp\/v2\/posts\/17415\" class=\"qtranxs-available-language-link qtranxs-available-language-link-fr\" title=\"FR\">FR<\/a>. For the sake of viewer convenience, the content is shown below in the alternative language. You may click the link to switch the active language.<\/p><p>Dans l&#8217;\u00e9mission <a href=\"https:\/\/www.bsmart.fr\/emissions\/smart-tech\">Smart Tech<\/a> pr\u00e9sent\u00e9e par Delphine Sabbatier de la web tv B Smart, on y parlait ce jour du Privacy Shield invalid\u00e9 par une <a href=\"http:\/\/curia.europa.eu\/juris\/celex.jsf?celex=62018CJ0311&amp;lang1=fr&amp;type=TXT&amp;ancre=\">d\u00e9cision r\u00e9cente de Juillet 2020<\/a> de la Cour de Justice de l&#8217;Union Europ\u00e9enne.<\/p>\n<p>Olivier Iteanu \u00e9tait pr\u00e9sent sur le plateau aux c\u00f4t\u00e9s, notamment, de la Soci\u00e9t\u00e9 Oodrive et son Pr\u00e9sident Stanislas de Remur, pour rappeler ce qu&#8217;\u00e9tait le Privacy Shield et quelles sont les cons\u00e9quences de cet Arr\u00eat.<\/p>\n<p>L&#8217;\u00e9mission peut-\u00eatre visualis\u00e9e <a href=\"https:\/\/www.linkedin.com\/posts\/bsmarttv_bsmart-lachainedesaudacieux-smarttech-activity-6703974721400131584-Bwy5\">ici<\/a>.<\/p>\n<p>&nbsp;<\/p>","protected":false},"excerpt":{"rendered":"<p>Sorry, this entry is only available in FR. For the sake of viewer convenience, the content is shown below in the alternative language. You may click the link to switch the active language.Dans l&#8217;\u00e9mission Smart Tech pr\u00e9sent\u00e9e par Delphine Sabbatier de la web tv B Smart, on y parlait ce jour du Privacy Shield invalid\u00e9 [&hellip;]<\/p>\n","protected":false},"author":5,"featured_media":17416,"comment_status":"closed","ping_status":"closed","sticky":false,"template":"","format":"standard","meta":{"footnotes":""},"categories":[12],"tags":[],"class_list":["post-17415","post","type-post","status-publish","format-standard","has-post-thumbnail","hentry","category-revue-de-presse"],"acf":[],"_links":{"self":[{"href":"https:\/\/www.iteanu.law\/en\/wp-json\/wp\/v2\/posts\/17415","targetHints":{"allow":["GET"]}}],"collection":[{"href":"https:\/\/www.iteanu.law\/en\/wp-json\/wp\/v2\/posts"}],"about":[{"href":"https:\/\/www.iteanu.law\/en\/wp-json\/wp\/v2\/types\/post"}],"author":[{"embeddable":true,"href":"https:\/\/www.iteanu.law\/en\/wp-json\/wp\/v2\/users\/5"}],"replies":[{"embeddable":true,"href":"https:\/\/www.iteanu.law\/en\/wp-json\/wp\/v2\/comments?post=17415"}],"version-history":[{"count":3,"href":"https:\/\/www.iteanu.law\/en\/wp-json\/wp\/v2\/posts\/17415\/revisions"}],"predecessor-version":[{"id":17419,"href":"https:\/\/www.iteanu.law\/en\/wp-json\/wp\/v2\/posts\/17415\/revisions\/17419"}],"wp:featuredmedia":[{"embeddable":true,"href":"https:\/\/www.iteanu.law\/en\/wp-json\/wp\/v2\/media\/17416"}],"wp:attachment":[{"href":"https:\/\/www.iteanu.law\/en\/wp-json\/wp\/v2\/media?parent=17415"}],"wp:term":[{"taxonomy":"category","embeddable":true,"href":"https:\/\/www.iteanu.law\/en\/wp-json\/wp\/v2\/categories?post=17415"},{"taxonomy":"post_tag","embeddable":true,"href":"https:\/\/www.iteanu.law\/en\/wp-json\/wp\/v2\/tags?post=17415"}],"curies":[{"name":"wp","href":"https:\/\/api.w.org\/{rel}","templated":true}]}}