{"id":1614,"date":"2018-08-29T21:54:32","date_gmt":"2018-08-29T19:54:32","guid":{"rendered":"https:\/\/www.iteanu.law\/?p=1614"},"modified":"2018-12-26T18:03:54","modified_gmt":"2018-12-26T17:03:54","slug":"29-aout-2918-universite-dete-du-medef","status":"publish","type":"post","link":"https:\/\/www.iteanu.law\/en\/29-aout-2918-universite-dete-du-medef\/","title":{"rendered":"(Vid\u00e9o) Universit\u00e9 d&#8217;\u00e9t\u00e9 du MEDEF, conf\u00e9rence sur l&#8217;IA, l&#8217;ub\u00e9risation &#8230;"},"content":{"rendered":"<p class=\"qtranxs-available-languages-message qtranxs-available-languages-message-en\">Sorry, this entry is only available in <a href=\"https:\/\/www.iteanu.law\/fr\/wp-json\/wp\/v2\/posts\/1614\" class=\"qtranxs-available-language-link qtranxs-available-language-link-fr\" title=\"FR\">FR<\/a>. For the sake of viewer convenience, the content is shown below in the alternative language. You may click the link to switch the active language.<\/p><p>Ma\u00eetre Olivier Iteanu intervient \u00e0 l&#8217;Universit\u00e9 d&#8217;\u00e9t\u00e9 du MEDEF, sur le th\u00e8me de l&#8217;uberisation.<\/p>\n<p>Le titre de cette conf\u00e9rence table ronde est <em>&#8220;Uberisation, un ennemi qui vous veut du bien ?&#8221;.<\/em><\/p>\n<p>Cette rencontre est anim\u00e9e par Dimitri Carbonnel, fondateur de Livosph\u00e8re, avec la participation de <em>Delphine G\u00e9ny-Stephann, secr\u00e9taire d\u2019Etat aupr\u00e8s du ministre de l\u2019Economie et des Finances<\/em>.<\/p>\n<p>Le programme, avec les th\u00e8mes abord\u00e9s et la composition compl\u00e8te de la table-ronde, est <a href=\"http:\/\/www.medef.com\/fr\/universite-d-ete\/evenements\/conference-debat-luberisation-un-ennemi-qui-vous-veut-du-bien\">ici<\/a>.<\/p>\n<p>https:\/\/youtu.be\/urGCm4nqETA<\/p>","protected":false},"excerpt":{"rendered":"<p>Sorry, this entry is only available in FR. For the sake of viewer convenience, the content is shown below in the alternative language. You may click the link to switch the active language.Ma\u00eetre Olivier Iteanu intervient \u00e0 l&#8217;Universit\u00e9 d&#8217;\u00e9t\u00e9 du MEDEF, sur le th\u00e8me de l&#8217;uberisation. Le titre de cette conf\u00e9rence table ronde est &#8220;Uberisation, [&hellip;]<\/p>\n","protected":false},"author":5,"featured_media":1615,"comment_status":"closed","ping_status":"closed","sticky":true,"template":"","format":"standard","meta":{"footnotes":""},"categories":[12],"tags":[],"class_list":["post-1614","post","type-post","status-publish","format-standard","has-post-thumbnail","hentry","category-revue-de-presse"],"acf":[],"_links":{"self":[{"href":"https:\/\/www.iteanu.law\/en\/wp-json\/wp\/v2\/posts\/1614","targetHints":{"allow":["GET"]}}],"collection":[{"href":"https:\/\/www.iteanu.law\/en\/wp-json\/wp\/v2\/posts"}],"about":[{"href":"https:\/\/www.iteanu.law\/en\/wp-json\/wp\/v2\/types\/post"}],"author":[{"embeddable":true,"href":"https:\/\/www.iteanu.law\/en\/wp-json\/wp\/v2\/users\/5"}],"replies":[{"embeddable":true,"href":"https:\/\/www.iteanu.law\/en\/wp-json\/wp\/v2\/comments?post=1614"}],"version-history":[{"count":5,"href":"https:\/\/www.iteanu.law\/en\/wp-json\/wp\/v2\/posts\/1614\/revisions"}],"predecessor-version":[{"id":2198,"href":"https:\/\/www.iteanu.law\/en\/wp-json\/wp\/v2\/posts\/1614\/revisions\/2198"}],"wp:featuredmedia":[{"embeddable":true,"href":"https:\/\/www.iteanu.law\/en\/wp-json\/wp\/v2\/media\/1615"}],"wp:attachment":[{"href":"https:\/\/www.iteanu.law\/en\/wp-json\/wp\/v2\/media?parent=1614"}],"wp:term":[{"taxonomy":"category","embeddable":true,"href":"https:\/\/www.iteanu.law\/en\/wp-json\/wp\/v2\/categories?post=1614"},{"taxonomy":"post_tag","embeddable":true,"href":"https:\/\/www.iteanu.law\/en\/wp-json\/wp\/v2\/tags?post=1614"}],"curies":[{"name":"wp","href":"https:\/\/api.w.org\/{rel}","templated":true}]}}