{"id":1609,"date":"2018-08-29T21:28:59","date_gmt":"2018-08-29T19:28:59","guid":{"rendered":"https:\/\/www.iteanu.law\/?p=1609"},"modified":"2018-10-20T19:18:30","modified_gmt":"2018-10-20T17:18:30","slug":"olivier-iteanu-intervient-a-la-cloud-security-day","status":"publish","type":"post","link":"https:\/\/www.iteanu.law\/en\/olivier-iteanu-intervient-a-la-cloud-security-day\/","title":{"rendered":"Olivier Iteanu intervient \u00e0 la Cloud Security Day"},"content":{"rendered":"<p class=\"qtranxs-available-languages-message qtranxs-available-languages-message-en\">Sorry, this entry is only available in <a href=\"https:\/\/www.iteanu.law\/fr\/wp-json\/wp\/v2\/posts\/1609\" class=\"qtranxs-available-language-link qtranxs-available-language-link-fr\" title=\"FR\">FR<\/a>. For the sake of viewer convenience, the content is shown below in the alternative language. You may click the link to switch the active language.<\/p><p>Le 14 novembre 2018, \u00e0 la chambre de commerce du Luxembourg, Ma\u00eetre Olivier Iteanu intervient \u00e0 la <em><a href=\"http:\/\/www.luxembourg-internet-days.com\/\">Cloud Security Day<\/a>.<\/em><\/p>\n<p>Parce que la question de la s\u00e9curit\u00e9 des donn\u00e9es dans le Cloud est essentielle, Olivier Iteanu fera part des quinze ann\u00e9es d&#8217;exp\u00e9rience de notre Cabinet sur ces questions, \u00e0 l&#8217;\u00e9poque o\u00f9 le Cloud ne s&#8217;appelait pas encore le Cloud (ASP).<\/p>\n<p>Il s&#8217;agit d&#8217;une th\u00e9matique qui a pris une ampleur particuli\u00e8re avec l&#8217;entr\u00e9e en application le 25 mai 2018 dans toute l&#8217;Union Europ\u00e9enne du RGPD qui traite des questions cruciales de confidentialit\u00e9 des donn\u00e9es personnelles mais aussi de s\u00e9curit\u00e9.<\/p>\n<p>En outre, de la transposition en droit fran\u00e7ais de la directive NIS pour Network and Information Security aura \u00e9t\u00e9 le second \u00e9v\u00e8nement r\u00e9glementaire de l&#8217;ann\u00e9e 2018 dans le domaine du num\u00e9rique, et qui touche, notamment, \u00e0 la s\u00e9curit\u00e9 dans le Cloud.<\/p>\n<p>C\u2019est l\u2019ANSSI qui aura \u00e9t\u00e9 le maitre d\u2019\u0153uvre de cette transposition ayant abouti au vote par le Parlement d\u2019une Loi dat\u00e9e du 26 f\u00e9vrier 2018.<\/p>\n<p>Cette Loi pr\u00e9voit des obligations particuli\u00e8res de s\u00e9curit\u00e9 et de continuit\u00e9 du service pour deux cat\u00e9gories d\u2019acteurs\u00a0: les op\u00e9rateurs de services essentiels <em>\u00ab\u00a0au fonctionnement de la soci\u00e9t\u00e9 ou de l\u2019\u00e9conomie\u00a0\u00bb<\/em> et les fournisseurs dits de service num\u00e9rique.<\/p>\n<p>Parmi ces derniers, l\u2019article 10 de la Loi y int\u00e8gre les services d\u2019informatique en nuage, c\u2019est-\u00e0-dire ceux qui fournissent <em>\u00ab\u00a0un service num\u00e9rique qui permet l\u2019acc\u00e8s \u00e0 un ensemble modulable et variable de ressources informatiques pouvant \u00eatre partag\u00e9es.\u00a0\u00bb<\/em> En plus d\u2019obligations de s\u00e9curit\u00e9 particuli\u00e8res, ces fournisseurs de services num\u00e9riques, lorsqu\u2019ils sont \u00e9tablis hors de l\u2019Union Europ\u00e9enne et offrent des services en France, doivent d\u00e9signer \u00e0 l\u2019ANSSI, un repr\u00e9sentant \u00e9tabli en France.<\/p>\n<p>De beaux d\u00e9bats en perspective au Luxembourg, le 14 novembre 2018.<\/p>\n<p>La Cloud Security Day fait partie de la Luxembourg Internet-Days qui se tient sur deux jours au Luxembourg. En 2017, cet \u00e9v\u00e8nement a r\u00e9uni plus de 500 Soci\u00e9t\u00e9s europ\u00e9ennes, 1200 participants dont 30% de visiteurs internationaux.<\/p>\n<p>Voir le programme <a href=\"http:\/\/www.luxembourg-internet-days.com\/program-2018\/\">ici<\/a>.<\/p>","protected":false},"excerpt":{"rendered":"<p>Sorry, this entry is only available in FR. For the sake of viewer convenience, the content is shown below in the alternative language. You may click the link to switch the active language.Le 14 novembre 2018, \u00e0 la chambre de commerce du Luxembourg, Ma\u00eetre Olivier Iteanu intervient \u00e0 la Cloud Security Day. Parce que la [&hellip;]<\/p>\n","protected":false},"author":5,"featured_media":1612,"comment_status":"closed","ping_status":"closed","sticky":true,"template":"","format":"standard","meta":{"footnotes":""},"categories":[5],"tags":[],"class_list":["post-1609","post","type-post","status-publish","format-standard","has-post-thumbnail","hentry","category-evenements"],"acf":[],"_links":{"self":[{"href":"https:\/\/www.iteanu.law\/en\/wp-json\/wp\/v2\/posts\/1609","targetHints":{"allow":["GET"]}}],"collection":[{"href":"https:\/\/www.iteanu.law\/en\/wp-json\/wp\/v2\/posts"}],"about":[{"href":"https:\/\/www.iteanu.law\/en\/wp-json\/wp\/v2\/types\/post"}],"author":[{"embeddable":true,"href":"https:\/\/www.iteanu.law\/en\/wp-json\/wp\/v2\/users\/5"}],"replies":[{"embeddable":true,"href":"https:\/\/www.iteanu.law\/en\/wp-json\/wp\/v2\/comments?post=1609"}],"version-history":[{"count":4,"href":"https:\/\/www.iteanu.law\/en\/wp-json\/wp\/v2\/posts\/1609\/revisions"}],"predecessor-version":[{"id":1872,"href":"https:\/\/www.iteanu.law\/en\/wp-json\/wp\/v2\/posts\/1609\/revisions\/1872"}],"wp:featuredmedia":[{"embeddable":true,"href":"https:\/\/www.iteanu.law\/en\/wp-json\/wp\/v2\/media\/1612"}],"wp:attachment":[{"href":"https:\/\/www.iteanu.law\/en\/wp-json\/wp\/v2\/media?parent=1609"}],"wp:term":[{"taxonomy":"category","embeddable":true,"href":"https:\/\/www.iteanu.law\/en\/wp-json\/wp\/v2\/categories?post=1609"},{"taxonomy":"post_tag","embeddable":true,"href":"https:\/\/www.iteanu.law\/en\/wp-json\/wp\/v2\/tags?post=1609"}],"curies":[{"name":"wp","href":"https:\/\/api.w.org\/{rel}","templated":true}]}}