{"id":15722,"date":"2020-08-08T12:24:00","date_gmt":"2020-08-08T10:24:00","guid":{"rendered":"https:\/\/www.iteanu.law\/?p=15722"},"modified":"2020-08-08T12:24:00","modified_gmt":"2020-08-08T10:24:00","slug":"4-aout-2020-huawei-et-la-5g-les-regles-sont-claires-et-anciennes","status":"publish","type":"post","link":"https:\/\/www.iteanu.law\/en\/4-aout-2020-huawei-et-la-5g-les-regles-sont-claires-et-anciennes\/","title":{"rendered":"4 Ao\u00fbt 2020 &#8211; Huawei et la 5G: les r\u00e8gles sont claires et anciennes"},"content":{"rendered":"<p class=\"qtranxs-available-languages-message qtranxs-available-languages-message-en\">Sorry, this entry is only available in <a href=\"https:\/\/www.iteanu.law\/fr\/wp-json\/wp\/v2\/posts\/15722\" class=\"qtranxs-available-language-link qtranxs-available-language-link-fr\" title=\"FR\">FR<\/a>. For the sake of viewer convenience, the content is shown below in the alternative language. You may click the link to switch the active language.<\/p><p>Dans le journal \u00e9conomique et financier <a href=\"https:\/\/www.latribune.fr\/\">La Tribune<\/a>, Olivier Iteanu prend position sur le d\u00e9bat du d\u00e9ploiement de la 5G et du cas Huawei.<\/p>\n<p>Il r\u00e9pond en cela \u00e0 une tribune pr\u00e9c\u00e9dente publi\u00e9e sur le m\u00eame sujet, toujours dans le journ\u00e9e La Tribune, qui se plaignait du sort r\u00e9serv\u00e9 \u00e0 l&#8217;\u00e9quipementier chinois Huawei, y voyant une atteinte \u00e0 l&#8217;Etat de droit et des r\u00e8gles peu claires.<\/p>\n<p>Pour Olivier Iteanu, il n&#8217;y a ni atteinte \u00e0 l&#8217;Etat de droit, ni r\u00e8gles obscures en ce domaine.<\/p>\n<p>Le secteur des t\u00e9l\u00e9coms devenu celui des communications \u00e9lectroniques, a toujours \u00e9t\u00e9 r\u00e9gi par des r\u00e8gles particuli\u00e8res, depuis son apparition en France dans la seconde moiti\u00e9 du 19\u00e8me Si\u00e8cle, qui donnait \u00e0 l&#8217;Etat un droit de regard destin\u00e9, notamment, \u00e0 prot\u00e9ger la Nation, aujourd&#8217;hui populations et entreprises.<\/p>\n<p>Cette situation particuli\u00e8re est d&#8217;autant plus n\u00e9cessaire aujourd&#8217;hui, \u00e0 l&#8217;heure de la transformation num\u00e9rique de la soci\u00e9t\u00e9 fran\u00e7aise.<\/p>\n<p>Le papier d&#8217;Olivier Iteanu, paru dans La Tribune peut \u00eatre lu <a href=\"https:\/\/www.latribune.fr\/opinions\/tribunes\/huawei-et-la-5g-les-regles-sont-claires-et-anciennes-854289.html\">ici.<\/a><\/p>\n<p>&nbsp;<\/p>","protected":false},"excerpt":{"rendered":"<p>Sorry, this entry is only available in FR. For the sake of viewer convenience, the content is shown below in the alternative language. You may click the link to switch the active language.Dans le journal \u00e9conomique et financier La Tribune, Olivier Iteanu prend position sur le d\u00e9bat du d\u00e9ploiement de la 5G et du cas [&hellip;]<\/p>\n","protected":false},"author":5,"featured_media":15723,"comment_status":"closed","ping_status":"closed","sticky":false,"template":"","format":"standard","meta":{"footnotes":""},"categories":[12],"tags":[],"class_list":["post-15722","post","type-post","status-publish","format-standard","has-post-thumbnail","hentry","category-revue-de-presse"],"acf":[],"_links":{"self":[{"href":"https:\/\/www.iteanu.law\/en\/wp-json\/wp\/v2\/posts\/15722","targetHints":{"allow":["GET"]}}],"collection":[{"href":"https:\/\/www.iteanu.law\/en\/wp-json\/wp\/v2\/posts"}],"about":[{"href":"https:\/\/www.iteanu.law\/en\/wp-json\/wp\/v2\/types\/post"}],"author":[{"embeddable":true,"href":"https:\/\/www.iteanu.law\/en\/wp-json\/wp\/v2\/users\/5"}],"replies":[{"embeddable":true,"href":"https:\/\/www.iteanu.law\/en\/wp-json\/wp\/v2\/comments?post=15722"}],"version-history":[{"count":1,"href":"https:\/\/www.iteanu.law\/en\/wp-json\/wp\/v2\/posts\/15722\/revisions"}],"predecessor-version":[{"id":15724,"href":"https:\/\/www.iteanu.law\/en\/wp-json\/wp\/v2\/posts\/15722\/revisions\/15724"}],"wp:featuredmedia":[{"embeddable":true,"href":"https:\/\/www.iteanu.law\/en\/wp-json\/wp\/v2\/media\/15723"}],"wp:attachment":[{"href":"https:\/\/www.iteanu.law\/en\/wp-json\/wp\/v2\/media?parent=15722"}],"wp:term":[{"taxonomy":"category","embeddable":true,"href":"https:\/\/www.iteanu.law\/en\/wp-json\/wp\/v2\/categories?post=15722"},{"taxonomy":"post_tag","embeddable":true,"href":"https:\/\/www.iteanu.law\/en\/wp-json\/wp\/v2\/tags?post=15722"}],"curies":[{"name":"wp","href":"https:\/\/api.w.org\/{rel}","templated":true}]}}