{"id":15565,"date":"2020-08-02T20:02:16","date_gmt":"2020-08-02T18:02:16","guid":{"rendered":"https:\/\/www.iteanu.law\/?p=15565"},"modified":"2020-08-02T20:02:16","modified_gmt":"2020-08-02T18:02:16","slug":"30-juillet-2020-tv5-monde-internet-et-liberte-dexpression-en-afrique","status":"publish","type":"post","link":"https:\/\/www.iteanu.law\/en\/30-juillet-2020-tv5-monde-internet-et-liberte-dexpression-en-afrique\/","title":{"rendered":"30 Juillet 2020 &#8211; TV5 Monde &#8220;Internet et libert\u00e9 d&#8217;expression en Afrique&#8221;"},"content":{"rendered":"<p class=\"qtranxs-available-languages-message qtranxs-available-languages-message-en\">Sorry, this entry is only available in <a href=\"https:\/\/www.iteanu.law\/fr\/wp-json\/wp\/v2\/posts\/15565\" class=\"qtranxs-available-language-link qtranxs-available-language-link-fr\" title=\"FR\">FR<\/a>. For the sake of viewer convenience, the content is shown below in the alternative language. You may click the link to switch the active language.<\/p><p>Olivier Iteanu est interrog\u00e9 dans le journal Afrique de\u00a0 TV5 Monde sur le bin\u00f4me d\u00e9licat Internet et libert\u00e9 d&#8217;expressions, alors que certains Etats africains, multiplient les mesures de censure sur le r\u00e9seau des r\u00e9seaux.<\/p>\n<p>La vid\u00e9o est ici :<\/p>\n<p>https:\/\/youtu.be\/13uzdi-k8bQ<\/p>","protected":false},"excerpt":{"rendered":"<p>Sorry, this entry is only available in FR. For the sake of viewer convenience, the content is shown below in the alternative language. You may click the link to switch the active language.Olivier Iteanu est interrog\u00e9 dans le journal Afrique de\u00a0 TV5 Monde sur le bin\u00f4me d\u00e9licat Internet et libert\u00e9 d&#8217;expressions, alors que certains Etats [&hellip;]<\/p>\n","protected":false},"author":5,"featured_media":15566,"comment_status":"closed","ping_status":"closed","sticky":false,"template":"","format":"standard","meta":{"footnotes":""},"categories":[12],"tags":[],"class_list":["post-15565","post","type-post","status-publish","format-standard","has-post-thumbnail","hentry","category-revue-de-presse"],"acf":[],"_links":{"self":[{"href":"https:\/\/www.iteanu.law\/en\/wp-json\/wp\/v2\/posts\/15565","targetHints":{"allow":["GET"]}}],"collection":[{"href":"https:\/\/www.iteanu.law\/en\/wp-json\/wp\/v2\/posts"}],"about":[{"href":"https:\/\/www.iteanu.law\/en\/wp-json\/wp\/v2\/types\/post"}],"author":[{"embeddable":true,"href":"https:\/\/www.iteanu.law\/en\/wp-json\/wp\/v2\/users\/5"}],"replies":[{"embeddable":true,"href":"https:\/\/www.iteanu.law\/en\/wp-json\/wp\/v2\/comments?post=15565"}],"version-history":[{"count":1,"href":"https:\/\/www.iteanu.law\/en\/wp-json\/wp\/v2\/posts\/15565\/revisions"}],"predecessor-version":[{"id":15567,"href":"https:\/\/www.iteanu.law\/en\/wp-json\/wp\/v2\/posts\/15565\/revisions\/15567"}],"wp:featuredmedia":[{"embeddable":true,"href":"https:\/\/www.iteanu.law\/en\/wp-json\/wp\/v2\/media\/15566"}],"wp:attachment":[{"href":"https:\/\/www.iteanu.law\/en\/wp-json\/wp\/v2\/media?parent=15565"}],"wp:term":[{"taxonomy":"category","embeddable":true,"href":"https:\/\/www.iteanu.law\/en\/wp-json\/wp\/v2\/categories?post=15565"},{"taxonomy":"post_tag","embeddable":true,"href":"https:\/\/www.iteanu.law\/en\/wp-json\/wp\/v2\/tags?post=15565"}],"curies":[{"name":"wp","href":"https:\/\/api.w.org\/{rel}","templated":true}]}}