{"id":1501,"date":"2018-07-29T18:10:23","date_gmt":"2018-07-29T16:10:23","guid":{"rendered":"https:\/\/www.iteanu.law\/?p=1501"},"modified":"2018-08-29T21:21:03","modified_gmt":"2018-08-29T19:21:03","slug":"le-rgpd-un-mois-apres-son-entree-en-application-video","status":"publish","type":"post","link":"https:\/\/www.iteanu.law\/en\/le-rgpd-un-mois-apres-son-entree-en-application-video\/","title":{"rendered":"Le RGPD, un mois apr\u00e8s son entr\u00e9e en application (vid\u00e9o)"},"content":{"rendered":"<p class=\"qtranxs-available-languages-message qtranxs-available-languages-message-en\">Sorry, this entry is only available in <a href=\"https:\/\/www.iteanu.law\/fr\/wp-json\/wp\/v2\/posts\/1501\" class=\"qtranxs-available-language-link qtranxs-available-language-link-fr\" title=\"FR\">FR<\/a>. For the sake of viewer convenience, the content is shown below in the alternative language. You may click the link to switch the active language.<\/p><p>A l&#8217;occasion de la Cloud Week Paris 2018, Olivier Iteanu \u00e9tait invit\u00e9 et participant, \u00e0 une table ronde sur <em>&#8220;Le cloud et RGPD, le bilan&#8221;.<\/em><\/p>\n<p>Depuis son entr\u00e9e en vigueur il y a deux ans, en mai 2016, le RGPD s&#8217;est invit\u00e9 au sein des organisations europ\u00e9ennes de toutes tailles et de toutes activit\u00e9s.<\/p>\n<p>Quel premier bilan tirer de ces deux ann\u00e9es de transition, jusqu&#8217;\u00e0 l&#8217;entr\u00e9e en application du texte le 25 mai 2018 ?<\/p>\n<p>Pour Olivier Iteanu, fondateur et g\u00e9rant de Iteanu Avocats, plus de 120 dossiers de mise en conformit\u00e9 ont \u00e9t\u00e9 ouverts par le Cabinet, allant d&#8217;une mise en conformit\u00e9 de bout en bout sous le contr\u00f4le des Avocats et en collaboration avec un chef de projet interne et des prestataires techniques et organisationnels internes ou prestataires ext\u00e9rieurs, jusqu&#8217;\u00e0 la simple mise en conformit\u00e9 des contrats, de la fa\u00e7ade de l\u00e9galit\u00e9, la communication avec les clients et prospects ou la sensibilit\u00e9 des \u00e9quipes.<\/p>\n<p>Un \u00e9ventail tr\u00e8s large des prestations de mise en conformit\u00e9, qui d\u00e9montre que toutes les organisations europ\u00e9ennes et parfois extra europ\u00e9ennes, ne sont pas \u00e9gales devant l&#8217;entr\u00e9e en application du RGPD.<\/p>\n<p>Certains sont conformes, et elles sont tr\u00e8s peu nombreuses, d&#8217;autres sont sur le (long) chemin de la conformit\u00e9, en particulier les PME pour lesquelles les professionnels doivent faire un effort de simplification et d&#8217;adaptation.<\/p>\n<p>Une chose est certaine; le RGPD et son cort\u00e8ge de r\u00e8gles nouvelles destin\u00e9es \u00e0 redonner le contr\u00f4le de ses donn\u00e9es personnelles aux citoyens, consommateurs, salari\u00e9s, et autres personnes physiques, est irr\u00e9versible.<\/p>\n<p>Illustration de ces propos avec cette table-ronde tr\u00e8s instructive, dans le cadre de cette manifestation, la 4\u00e8me \u00e9dition, organis\u00e9e par <a href=\"https:\/\/www.eurocloud.fr\/\">Eurocloud France<\/a>, avec Xavier Strubel, Sous-directeur &#8220;Expertises&#8221; de l&#8217;<a href=\"https:\/\/www.ssi.gouv.fr\/en\/\">ANSSI<\/a> et Igor Babic, Data Protection Officer d&#8217;AXA.<\/p>\n<p><iframe loading=\"lazy\" src=\"https:\/\/www.youtube.com\/embed\/ANnyI6Gxhn0\" width=\"544\" height=\"306\" frameborder=\"0\" allowfullscreen=\"allowfullscreen\"><\/iframe><\/p>\n<p>&nbsp;<\/p>\n<p>Les autres vid\u00e9os de la Cloud Week PAris 2018 sont <a href=\"https:\/\/cloudweek.paris\/fr\/les-videos-de-la-cloud-week-paris-2018\/\">ici<\/a>.<\/p>\n<p>&nbsp;<\/p>\n<p>&nbsp;<\/p>","protected":false},"excerpt":{"rendered":"<p>Sorry, this entry is only available in FR. For the sake of viewer convenience, the content is shown below in the alternative language. You may click the link to switch the active language.A l&#8217;occasion de la Cloud Week Paris 2018, Olivier Iteanu \u00e9tait invit\u00e9 et participant, \u00e0 une table ronde sur &#8220;Le cloud et RGPD, [&hellip;]<\/p>\n","protected":false},"author":5,"featured_media":1502,"comment_status":"closed","ping_status":"closed","sticky":false,"template":"","format":"standard","meta":{"footnotes":""},"categories":[5],"tags":[],"class_list":["post-1501","post","type-post","status-publish","format-standard","has-post-thumbnail","hentry","category-evenements"],"acf":[],"_links":{"self":[{"href":"https:\/\/www.iteanu.law\/en\/wp-json\/wp\/v2\/posts\/1501","targetHints":{"allow":["GET"]}}],"collection":[{"href":"https:\/\/www.iteanu.law\/en\/wp-json\/wp\/v2\/posts"}],"about":[{"href":"https:\/\/www.iteanu.law\/en\/wp-json\/wp\/v2\/types\/post"}],"author":[{"embeddable":true,"href":"https:\/\/www.iteanu.law\/en\/wp-json\/wp\/v2\/users\/5"}],"replies":[{"embeddable":true,"href":"https:\/\/www.iteanu.law\/en\/wp-json\/wp\/v2\/comments?post=1501"}],"version-history":[{"count":5,"href":"https:\/\/www.iteanu.law\/en\/wp-json\/wp\/v2\/posts\/1501\/revisions"}],"predecessor-version":[{"id":1509,"href":"https:\/\/www.iteanu.law\/en\/wp-json\/wp\/v2\/posts\/1501\/revisions\/1509"}],"wp:featuredmedia":[{"embeddable":true,"href":"https:\/\/www.iteanu.law\/en\/wp-json\/wp\/v2\/media\/1502"}],"wp:attachment":[{"href":"https:\/\/www.iteanu.law\/en\/wp-json\/wp\/v2\/media?parent=1501"}],"wp:term":[{"taxonomy":"category","embeddable":true,"href":"https:\/\/www.iteanu.law\/en\/wp-json\/wp\/v2\/categories?post=1501"},{"taxonomy":"post_tag","embeddable":true,"href":"https:\/\/www.iteanu.law\/en\/wp-json\/wp\/v2\/tags?post=1501"}],"curies":[{"name":"wp","href":"https:\/\/api.w.org\/{rel}","templated":true}]}}