{"id":14951,"date":"2020-06-29T17:19:58","date_gmt":"2020-06-29T15:19:58","guid":{"rendered":"https:\/\/www.iteanu.law\/?p=14951"},"modified":"2020-06-29T17:19:58","modified_gmt":"2020-06-29T15:19:58","slug":"26-juin-2020-tv5-monde-entretien-sur-lenjeu-des-technologies-duales-numeriques","status":"publish","type":"post","link":"https:\/\/www.iteanu.law\/en\/26-juin-2020-tv5-monde-entretien-sur-lenjeu-des-technologies-duales-numeriques\/","title":{"rendered":"26 Juin 2020 &#8211; TV5 Monde &#8211; Entretien sur l&#8217;enjeu des technologies duales num\u00e9riques"},"content":{"rendered":"<p class=\"qtranxs-available-languages-message qtranxs-available-languages-message-en\">Sorry, this entry is only available in <a href=\"https:\/\/www.iteanu.law\/fr\/wp-json\/wp\/v2\/posts\/14951\" class=\"qtranxs-available-language-link qtranxs-available-language-link-fr\" title=\"FR\">FR<\/a>. For the sake of viewer convenience, the content is shown below in the alternative language. You may click the link to switch the active language.<\/p><p><a href=\"https:\/\/www.iteanu.law\/cabinet\/biographie-maitre-olivier-iteanu\/\">Ma\u00eetre Olivier Iteanu<\/a>, Avocat sp\u00e9cialiste du droit du num\u00e9rique, r\u00e9pond aux questions de <a href=\"https:\/\/information.tv5monde.com\/auteur\/pascal-herard\">Pascal H\u00e9rard<\/a> de <a href=\"https:\/\/information.tv5monde.com\/\">TV5 Monde<\/a> sur l&#8217;enjeu de la fourniture de technologies dites duales num\u00e9riques, technologies pouvant \u00eatre utilis\u00e9es \u00e0 la fois \u00e0 des fins civiles et militaires, par des entreprises \u00e0 des Etats et \u00e0 leurs impacts sur les droits fondamentaux des citoyens.<\/p>\n<p>L&#8217;entretien est \u00e0 retrouver dans son int\u00e9gralit\u00e9 <a href=\"https:\/\/information.tv5monde.com\/info\/espionnage-du-journaliste-omar-radi-la-surveillance-est-tellement-intrusive-que-l-peut\">ici<\/a>.<\/p>","protected":false},"excerpt":{"rendered":"<p>Sorry, this entry is only available in FR. For the sake of viewer convenience, the content is shown below in the alternative language. You may click the link to switch the active language.Ma\u00eetre Olivier Iteanu, Avocat sp\u00e9cialiste du droit du num\u00e9rique, r\u00e9pond aux questions de Pascal H\u00e9rard de TV5 Monde sur l&#8217;enjeu de la fourniture [&hellip;]<\/p>\n","protected":false},"author":5,"featured_media":14955,"comment_status":"closed","ping_status":"closed","sticky":false,"template":"","format":"standard","meta":{"footnotes":""},"categories":[1],"tags":[],"class_list":["post-14951","post","type-post","status-publish","format-standard","has-post-thumbnail","hentry","category-news"],"acf":[],"_links":{"self":[{"href":"https:\/\/www.iteanu.law\/en\/wp-json\/wp\/v2\/posts\/14951","targetHints":{"allow":["GET"]}}],"collection":[{"href":"https:\/\/www.iteanu.law\/en\/wp-json\/wp\/v2\/posts"}],"about":[{"href":"https:\/\/www.iteanu.law\/en\/wp-json\/wp\/v2\/types\/post"}],"author":[{"embeddable":true,"href":"https:\/\/www.iteanu.law\/en\/wp-json\/wp\/v2\/users\/5"}],"replies":[{"embeddable":true,"href":"https:\/\/www.iteanu.law\/en\/wp-json\/wp\/v2\/comments?post=14951"}],"version-history":[{"count":5,"href":"https:\/\/www.iteanu.law\/en\/wp-json\/wp\/v2\/posts\/14951\/revisions"}],"predecessor-version":[{"id":14958,"href":"https:\/\/www.iteanu.law\/en\/wp-json\/wp\/v2\/posts\/14951\/revisions\/14958"}],"wp:featuredmedia":[{"embeddable":true,"href":"https:\/\/www.iteanu.law\/en\/wp-json\/wp\/v2\/media\/14955"}],"wp:attachment":[{"href":"https:\/\/www.iteanu.law\/en\/wp-json\/wp\/v2\/media?parent=14951"}],"wp:term":[{"taxonomy":"category","embeddable":true,"href":"https:\/\/www.iteanu.law\/en\/wp-json\/wp\/v2\/categories?post=14951"},{"taxonomy":"post_tag","embeddable":true,"href":"https:\/\/www.iteanu.law\/en\/wp-json\/wp\/v2\/tags?post=14951"}],"curies":[{"name":"wp","href":"https:\/\/api.w.org\/{rel}","templated":true}]}}