{"id":14310,"date":"2020-05-30T16:05:41","date_gmt":"2020-05-30T14:05:41","guid":{"rendered":"https:\/\/www.iteanu.law\/?p=14310"},"modified":"2020-05-30T16:08:06","modified_gmt":"2020-05-30T14:08:06","slug":"juin-2020-forum-atena-pour-une-souverainete-europeenne-de-la-sante","status":"publish","type":"post","link":"https:\/\/www.iteanu.law\/en\/juin-2020-forum-atena-pour-une-souverainete-europeenne-de-la-sante\/","title":{"rendered":"(Juin 2020)  Forum Atena &#8220;Pour une souverainet\u00e9 europ\u00e9enne de la sant\u00e9&#8221;"},"content":{"rendered":"<p class=\"qtranxs-available-languages-message qtranxs-available-languages-message-en\">Sorry, this entry is only available in <a href=\"https:\/\/www.iteanu.law\/fr\/wp-json\/wp\/v2\/posts\/14310\" class=\"qtranxs-available-language-link qtranxs-available-language-link-fr\" title=\"FR\">FR<\/a>. For the sake of viewer convenience, the content is shown below in the alternative language. You may click the link to switch the active language.<\/p><p>Ma\u00eetre Alexandra Iteanu a contribu\u00e9 \u00e0 la r\u00e9daction de cet &#8220;article tribune&#8221; publi\u00e9 sur le site du <a href=\"https:\/\/forumatena.org\/\">Forum Atena<\/a>.<\/p>\n<p>Cet article est l&#8217;occasion de rappeler que la question de la souverainet\u00e9 num\u00e9rique touche \u00e9galement au domaine de la sant\u00e9.<\/p>\n<p>Un march\u00e9 de grande importance, qui repr\u00e9sente <em>&#8220;12% environ du PIB des pays europ\u00e9ens&#8221;<\/em>.<\/p>\n<p>Et les auteurs de rappeler que Google, Apple, parfois alli\u00e9s les uns aux autres, investissent des ressources colossales pour capter ce march\u00e9.<\/p>\n<p>Pourtant, c&#8217;est bien \u00e0 un autre GAFAM, en l&#8217;occurrence Microsoft, que l&#8217;Etat fran\u00e7ais a confi\u00e9 le <a href=\"https:\/\/www.iteanu.law\/fevrier-2020-expertises-des-systeme-dinformation-health-data-hub-heberge-par-microsoft-et-le-cloud-act\/\">Health Data Hub<\/a>, cette plateforme qui a pour finalit\u00e9 de centraliser plusieurs sources de donn\u00e9es de sant\u00e9 des citoyens fran\u00e7ais afin de permettre l&#8217;acc\u00e8s \u00e0 plusieurs acteurs du monde de la sant\u00e9.<\/p>\n<p>Un choix qui <em>&#8220;met en p\u00e9ril notre souverainet\u00e9&#8221; <\/em>conclue les auteurs, rappelant \u00e9galement que Microsoft est soumis, comme tout groupe am\u00e9ricain, \u00e0 la Loi am\u00e9ricaine appel\u00e9e Cloud Act.<\/p>\n<p>L&#8217;article peut-\u00eatre lu <a href=\"https:\/\/forumatena.org\/pour-une-souverainete-europeenne-de-la-sante\/\">ici<\/a>.<\/p>","protected":false},"excerpt":{"rendered":"<p>Sorry, this entry is only available in FR. For the sake of viewer convenience, the content is shown below in the alternative language. You may click the link to switch the active language.Ma\u00eetre Alexandra Iteanu a contribu\u00e9 \u00e0 la r\u00e9daction de cet &#8220;article tribune&#8221; publi\u00e9 sur le site du Forum Atena. Cet article est l&#8217;occasion [&hellip;]<\/p>\n","protected":false},"author":5,"featured_media":14311,"comment_status":"closed","ping_status":"closed","sticky":false,"template":"","format":"standard","meta":{"footnotes":""},"categories":[12],"tags":[],"class_list":["post-14310","post","type-post","status-publish","format-standard","has-post-thumbnail","hentry","category-revue-de-presse"],"acf":[],"_links":{"self":[{"href":"https:\/\/www.iteanu.law\/en\/wp-json\/wp\/v2\/posts\/14310","targetHints":{"allow":["GET"]}}],"collection":[{"href":"https:\/\/www.iteanu.law\/en\/wp-json\/wp\/v2\/posts"}],"about":[{"href":"https:\/\/www.iteanu.law\/en\/wp-json\/wp\/v2\/types\/post"}],"author":[{"embeddable":true,"href":"https:\/\/www.iteanu.law\/en\/wp-json\/wp\/v2\/users\/5"}],"replies":[{"embeddable":true,"href":"https:\/\/www.iteanu.law\/en\/wp-json\/wp\/v2\/comments?post=14310"}],"version-history":[{"count":3,"href":"https:\/\/www.iteanu.law\/en\/wp-json\/wp\/v2\/posts\/14310\/revisions"}],"predecessor-version":[{"id":14314,"href":"https:\/\/www.iteanu.law\/en\/wp-json\/wp\/v2\/posts\/14310\/revisions\/14314"}],"wp:featuredmedia":[{"embeddable":true,"href":"https:\/\/www.iteanu.law\/en\/wp-json\/wp\/v2\/media\/14311"}],"wp:attachment":[{"href":"https:\/\/www.iteanu.law\/en\/wp-json\/wp\/v2\/media?parent=14310"}],"wp:term":[{"taxonomy":"category","embeddable":true,"href":"https:\/\/www.iteanu.law\/en\/wp-json\/wp\/v2\/categories?post=14310"},{"taxonomy":"post_tag","embeddable":true,"href":"https:\/\/www.iteanu.law\/en\/wp-json\/wp\/v2\/tags?post=14310"}],"curies":[{"name":"wp","href":"https:\/\/api.w.org\/{rel}","templated":true}]}}