{"id":13661,"date":"2020-05-04T14:47:36","date_gmt":"2020-05-04T12:47:36","guid":{"rendered":"https:\/\/www.iteanu.law\/?p=13661"},"modified":"2020-05-06T16:47:36","modified_gmt":"2020-05-06T14:47:36","slug":"4-mai-2020-audience-en-visioconference-le-tribunal-de-commerce-de-paris-montre-la-voie","status":"publish","type":"post","link":"https:\/\/www.iteanu.law\/en\/4-mai-2020-audience-en-visioconference-le-tribunal-de-commerce-de-paris-montre-la-voie\/","title":{"rendered":"(4 Mai 2020) Audience en visioconf\u00e9rence, le Tribunal de commerce de Paris montre la voie"},"content":{"rendered":"<p class=\"qtranxs-available-languages-message qtranxs-available-languages-message-en\">Sorry, this entry is only available in <a href=\"https:\/\/www.iteanu.law\/fr\/wp-json\/wp\/v2\/posts\/13661\" class=\"qtranxs-available-language-link qtranxs-available-language-link-fr\" title=\"FR\">FR<\/a>. For the sake of viewer convenience, the content is shown below in the alternative language. You may click the link to switch the active language.<\/p><p>Ce 30 Avril 2020, en plein confinement et crise sanitaire et alors que les Tribunaux de commerce sont ferm\u00e9s, le Pr\u00e9sident du <a href=\"https:\/\/www.greffe-tc-paris.fr\/\">Tribunal de commerce de Paris<\/a> rend pourtant une <a href=\"https:\/\/www.legalis.net\/actualites\/\">d\u00e9cision<\/a> dans laquelle Iteanu Avocats est intervenu.<\/p>\n<p>Il s&#8217;agit d&#8217;un litige portant sur le service Google Ads.<\/p>\n<p>Iteanu Avocats assiste cinq soci\u00e9t\u00e9s num\u00e9riques qui s&#8217;opposent aux Soci\u00e9t\u00e9s Google France et Irlande.<\/p>\n<p>Les plaidoiries se sont tenues huit jours plus t\u00f4t, mais sans d\u00e9placement, ni transport d&#8217;aucune sorte, en visioconf\u00e9rence.<\/p>\n<p>Cette fa\u00e7on de faire est suffisamment rare pour la signaler et il convient de rappeler dans quel contexte elle intervient et selon quelles modalit\u00e9s.<\/p>\n<p>La visioconf\u00e9rence a \u00e9t\u00e9 accept\u00e9e par le tribunal, aux vues du degr\u00e9 d&#8217;urgence de l&#8217;affaire.<\/p>\n<p>L&#8217;affaire avait \u00e9t\u00e9 engag\u00e9e quelques semaines plus t\u00f4t, avant confinement, dans le cadre d&#8217;un r\u00e9f\u00e9r\u00e9 dit d&#8217;heure \u00e0 heure.<\/p>\n<p>Avant confinement et fermeture du Tribunal, le Pr\u00e9sident du Tribunal de commerce avait ainsi autoris\u00e9 les demanderesses \u00e0 engager cette action en r\u00e9f\u00e9r\u00e9 d&#8217;heure \u00e0 heure par voie d&#8217;ordonnance, &#8220;<em>aux vues de l&#8217;urgence&#8221; <\/em> all\u00e9gu\u00e9e par les demanderesses.<\/p>\n<p>Dans l&#8217;ordonnance finalement rendue, le Pr\u00e9sident rappelait le cadre dans lequel cette audience en visioconf\u00e9rence intervenait :<\/p>\n<blockquote><p><em>En application de l\u2019article 7 de l\u2019ordonnance no2020-304 du 25 mars 2020 portant adaptation des r\u00e8gles applicables aux juridictions de l\u2019ordre judiciaire statuant en mati\u00e8re non p\u00e9nale, les parties ont \u00e9t\u00e9 invit\u00e9es \u00e0 compara\u00eetre devant Monsieur Laurent Levesque, pr\u00e9sident, \u00e0 l\u2019audience du 22 avril 2020 \u00e0 11h, qui s\u2019est tenue en visioconf\u00e9rence via la plateforme Tixeo. Un proc\u00e8s-verbal des op\u00e9rations effectu\u00e9es est dress\u00e9 par le greffier.<\/em><\/p><\/blockquote>\n<p>&nbsp;<\/p>\n<ol>\n<li>1. De nouvelles pratiques \u00e0 imaginer<\/li>\n<\/ol>\n<p>Le Greffe du Tribunal de commerce de Paris, omnipr\u00e9sent, tr\u00e8s concentr\u00e9 sur la r\u00e9ussite de l&#8217;audience en visioconf\u00e9rence, prenait la peine quelques jours plus t\u00f4t et avant l&#8217;audience en visioconf\u00e9rence, de convoquer les Avocats plaidants &#8220;<em>en ligne<\/em>&#8220;, de fa\u00e7on \u00e0 proc\u00e9der \u00e0 un test sur la plateforme Tixeo.<\/p>\n<p>Le test \u00e9tait concluant.<\/p>\n<p>Le Tribunal avait en effet fait le choix de cette plateforme Tixeo, \u00e0 technologie fran\u00e7aise certifi\u00e9e <a href=\"https:\/\/www.ssi.gouv.fr\/administration\/produits-certifies\/cspn\/\">CSPN<\/a> et qualifi\u00e9e par l\u2019ANSSI (<a href=\"https:\/\/www.ssi.gouv.fr\/\">Agence nationale de la s\u00e9curit\u00e9 des syst\u00e8mes d\u2019information<\/a>).<\/p>\n<p>Le Greffe allait \u00e9galement demander aux Avocats d&#8217;adresser quelques jours avant l&#8217;audience, leurs dossiers de pi\u00e8ces et leurs derni\u00e8res conclusions, prioritairement sur une plateforme de stockage informatique (drive) ind\u00e9pendante et op\u00e9r\u00e9e par une soci\u00e9t\u00e9 hollandaise, chaque Avocat pouvant \u00e9galement adresser ces dossiers sur support papiers \u00e0 l&#8217;adresse du magistrat. Le Greffe pr\u00e9cisait d&#8217;ailleurs dans son message, que la communication par voie \u00e9lectronique \u00e9tait pr\u00e9f\u00e9r\u00e9e.<\/p>\n<p>Les deux Cabinets d&#8217;Avocats choisissaient cependant de communiquer leurs dossiers en mode \u00e9lectronique et sur support papier, ce dernier support permettant de mieux circuler au milieu de plusieurs dizaines de pages de courriers, courriels, copies d&#8217;\u00e9crans, proc\u00e8s-verbaux d&#8217;Huissiers, d\u00e9cisions de jurisprudence, actes de proc\u00e9dure etc. &#8230;<\/p>\n<p>Le num\u00e9rique est sans limite, mais pas l&#8217;homme &#8230;<\/p>\n<p>Contrairement \u00e0 une id\u00e9e r\u00e9pandue, la technophilie n&#8217;appelle pas le tout num\u00e9rique. Elle appelle \u00e0 utiliser les technologies de mani\u00e8re harmonieuse et avec les limites qui sont impos\u00e9es \u00e0 l&#8217;\u00eatre humain.<\/p>\n<ol>\n<li>2. Les premi\u00e8res le\u00e7ons \u00e0 tirer<\/li>\n<\/ol>\n<p>Au final, l&#8217;affaire \u00e9tait plaid\u00e9e sans incident majeur, dans des salles de conf\u00e9rence manifestement improvis\u00e9es : le Pr\u00e9sident quelque part dans un bureau, le Greffier quelque part dans un autre bureau, les Avocats regroup\u00e9s de leur part dans des bureaux distincts, le tout en mode galerie.<\/p>\n<p>A d\u00e9part de l&#8217;audience, chaque Avocat \u00e9tait appel\u00e9 \u00e0 produire sa carte professionnelle face \u00e0 l&#8217;\u00e9cran, de fa\u00e7on \u00e0 ce que soit constat\u00e9 par le Greffier son identit\u00e9.<\/p>\n<p>Les d\u00e9bats se d\u00e9roulaient ensuite pour se cl\u00f4turer apr\u00e8s que chacun ait eu le temps de faire valoir ses moyens, le Pr\u00e9sident le temps de poser ses questions, les Avocats d&#8217;y r\u00e9pondre.<\/p>\n<p>Au final, avec un peu d&#8217;imagination, un Greffe et un Tribunal impliqu\u00e9s, une technologie a minima s\u00e9curis\u00e9e et des pratiques entre les uns et les autres qui se forgent, la visioconf\u00e9rence a d\u00e9montr\u00e9 ici qu&#8217;elle pouvait contribuer \u00e0 ce que la Justice se fasse.<\/p>\n<p>Bien sur, il n&#8217;est pas question qu&#8217;elle remplace l&#8217;audience ordinaire, celle o\u00f9 l&#8217;intonation de la voix, les mouvements et le langage du corps, le contact direct entre hommes et femmes, participent d&#8217;une justice pleinement humaine.<\/p>\n<p>Mais du point de vue de l&#8217;Avocat, conseil de ses clients certes, mais aussi auxiliaire de justice, l&#8217;audience en visioconf\u00e9rence aura montr\u00e9 qu&#8217;elle est capable d&#8217;apporter quelque chose \u00e0 l&#8217;oeuvre de justice, dans des situations particuli\u00e8res ou extr\u00eames.<\/p>\n<p>Elle permet ainsi et aussi, de convaincre et de trancher un litige.<\/p>\n<p>La justice se trouve non pas d\u00e9poss\u00e9d\u00e9e de ses pratiques ancestrales, mais enrichie d&#8217;un nouvel outil.<\/p>","protected":false},"excerpt":{"rendered":"<p>Sorry, this entry is only available in FR. For the sake of viewer convenience, the content is shown below in the alternative language. You may click the link to switch the active language.Ce 30 Avril 2020, en plein confinement et crise sanitaire et alors que les Tribunaux de commerce sont ferm\u00e9s, le Pr\u00e9sident du Tribunal [&hellip;]<\/p>\n","protected":false},"author":5,"featured_media":6146,"comment_status":"closed","ping_status":"closed","sticky":true,"template":"","format":"standard","meta":{"footnotes":""},"categories":[1],"tags":[],"class_list":["post-13661","post","type-post","status-publish","format-standard","has-post-thumbnail","hentry","category-news"],"acf":[],"_links":{"self":[{"href":"https:\/\/www.iteanu.law\/en\/wp-json\/wp\/v2\/posts\/13661","targetHints":{"allow":["GET"]}}],"collection":[{"href":"https:\/\/www.iteanu.law\/en\/wp-json\/wp\/v2\/posts"}],"about":[{"href":"https:\/\/www.iteanu.law\/en\/wp-json\/wp\/v2\/types\/post"}],"author":[{"embeddable":true,"href":"https:\/\/www.iteanu.law\/en\/wp-json\/wp\/v2\/users\/5"}],"replies":[{"embeddable":true,"href":"https:\/\/www.iteanu.law\/en\/wp-json\/wp\/v2\/comments?post=13661"}],"version-history":[{"count":13,"href":"https:\/\/www.iteanu.law\/en\/wp-json\/wp\/v2\/posts\/13661\/revisions"}],"predecessor-version":[{"id":13745,"href":"https:\/\/www.iteanu.law\/en\/wp-json\/wp\/v2\/posts\/13661\/revisions\/13745"}],"wp:featuredmedia":[{"embeddable":true,"href":"https:\/\/www.iteanu.law\/en\/wp-json\/wp\/v2\/media\/6146"}],"wp:attachment":[{"href":"https:\/\/www.iteanu.law\/en\/wp-json\/wp\/v2\/media?parent=13661"}],"wp:term":[{"taxonomy":"category","embeddable":true,"href":"https:\/\/www.iteanu.law\/en\/wp-json\/wp\/v2\/categories?post=13661"},{"taxonomy":"post_tag","embeddable":true,"href":"https:\/\/www.iteanu.law\/en\/wp-json\/wp\/v2\/tags?post=13661"}],"curies":[{"name":"wp","href":"https:\/\/api.w.org\/{rel}","templated":true}]}}