{"id":1357,"date":"2018-06-28T21:36:58","date_gmt":"2018-06-28T19:36:58","guid":{"rendered":"https:\/\/www.iteanu.law\/?p=1357"},"modified":"2018-06-29T09:02:27","modified_gmt":"2018-06-29T07:02:27","slug":"rgpd-le-changement-de-paradigme-de-la-protection-des-donnees-global-security-mag-6-juin-2018","status":"publish","type":"post","link":"https:\/\/www.iteanu.law\/en\/rgpd-le-changement-de-paradigme-de-la-protection-des-donnees-global-security-mag-6-juin-2018\/","title":{"rendered":"RGPD : le changement de paradigme de la protection des donn\u00e9es &#8211; Global Security Mag &#8211; 6 juin 2018"},"content":{"rendered":"<p class=\"qtranxs-available-languages-message qtranxs-available-languages-message-en\">Sorry, this entry is only available in <a href=\"https:\/\/www.iteanu.law\/fr\/wp-json\/wp\/v2\/posts\/1357\" class=\"qtranxs-available-language-link qtranxs-available-language-link-fr\" title=\"FR\">FR<\/a>. For the sake of viewer convenience, the content is shown below in the alternative language. You may click the link to switch the active language.<\/p><p>A l\u2019occasion de la 4e \u00e9dition de la cloud Independence Day, la matin\u00e9e a plut\u00f4t \u00e9t\u00e9 r\u00e9serv\u00e9 au RGPD avec d\u2019une part l\u2019intervention de Cl\u00e9mence Scottez, chef du service des affaires \u00e9conomiques de la CNIL puis un d\u00e9bat anim\u00e9 par Olivier Iteanu accompagn\u00e9 de RSSI et DPO qui ont propos\u00e9 des retours d\u2019exp\u00e9riences sur la mise en place du RGPD dans leur entreprises.<\/p>\n<p><a href=\"http:\/\/www.globalsecuritymag.fr\/RGPD-le-changement-de-paradigme-de,20180606,79045.html\">Lire la suite<\/a><\/p>","protected":false},"excerpt":{"rendered":"<p>Sorry, this entry is only available in FR. For the sake of viewer convenience, the content is shown below in the alternative language. You may click the link to switch the active language.A l\u2019occasion de la 4e \u00e9dition de la cloud Independence Day, la matin\u00e9e a plut\u00f4t \u00e9t\u00e9 r\u00e9serv\u00e9 au RGPD avec d\u2019une part l\u2019intervention [&hellip;]<\/p>\n","protected":false},"author":3,"featured_media":0,"comment_status":"closed","ping_status":"closed","sticky":false,"template":"","format":"standard","meta":{"footnotes":""},"categories":[12],"tags":[],"class_list":["post-1357","post","type-post","status-publish","format-standard","hentry","category-revue-de-presse"],"acf":[],"_links":{"self":[{"href":"https:\/\/www.iteanu.law\/en\/wp-json\/wp\/v2\/posts\/1357","targetHints":{"allow":["GET"]}}],"collection":[{"href":"https:\/\/www.iteanu.law\/en\/wp-json\/wp\/v2\/posts"}],"about":[{"href":"https:\/\/www.iteanu.law\/en\/wp-json\/wp\/v2\/types\/post"}],"author":[{"embeddable":true,"href":"https:\/\/www.iteanu.law\/en\/wp-json\/wp\/v2\/users\/3"}],"replies":[{"embeddable":true,"href":"https:\/\/www.iteanu.law\/en\/wp-json\/wp\/v2\/comments?post=1357"}],"version-history":[{"count":2,"href":"https:\/\/www.iteanu.law\/en\/wp-json\/wp\/v2\/posts\/1357\/revisions"}],"predecessor-version":[{"id":1359,"href":"https:\/\/www.iteanu.law\/en\/wp-json\/wp\/v2\/posts\/1357\/revisions\/1359"}],"wp:attachment":[{"href":"https:\/\/www.iteanu.law\/en\/wp-json\/wp\/v2\/media?parent=1357"}],"wp:term":[{"taxonomy":"category","embeddable":true,"href":"https:\/\/www.iteanu.law\/en\/wp-json\/wp\/v2\/categories?post=1357"},{"taxonomy":"post_tag","embeddable":true,"href":"https:\/\/www.iteanu.law\/en\/wp-json\/wp\/v2\/tags?post=1357"}],"curies":[{"name":"wp","href":"https:\/\/api.w.org\/{rel}","templated":true}]}}