{"id":1355,"date":"2018-06-28T21:35:04","date_gmt":"2018-06-28T19:35:04","guid":{"rendered":"https:\/\/www.iteanu.law\/?p=1355"},"modified":"2018-06-28T21:35:04","modified_gmt":"2018-06-28T19:35:04","slug":"souverainete-numerique-cloud-les-collectivites-face-a-un-choix-cornelien-la-gazette-des-communes-1er-juin-2018","status":"publish","type":"post","link":"https:\/\/www.iteanu.law\/en\/souverainete-numerique-cloud-les-collectivites-face-a-un-choix-cornelien-la-gazette-des-communes-1er-juin-2018\/","title":{"rendered":"Souverainet\u00e9 num\u00e9rique, cloud : les collectivit\u00e9s face \u00e0 un choix corn\u00e9lien &#8211; La Gazette des Communes &#8211; 1er juin 2018"},"content":{"rendered":"<p class=\"qtranxs-available-languages-message qtranxs-available-languages-message-en\">Sorry, this entry is only available in <a href=\"https:\/\/www.iteanu.law\/fr\/wp-json\/wp\/v2\/posts\/1355\" class=\"qtranxs-available-language-link qtranxs-available-language-link-fr\" title=\"FR\">FR<\/a>. For the sake of viewer convenience, the content is shown below in the alternative language. You may click the link to switch the active language.<\/p><p>Si le concept de souverainet\u00e9 num\u00e9rique ne date pas d\u2019hier, les contextes, l\u00e9gal et \u00e9conomique, actuels ne cessent de le ramener sur le devant de la sc\u00e8ne. <\/p>\n<p><a href=\"http:\/\/www.lagazettedescommunes.com\/566896\/souverainete-numerique-cloud-les-collectivites-face-a-un-choix-cornelien\">Lire la suite<\/a><\/p>","protected":false},"excerpt":{"rendered":"<p>Sorry, this entry is only available in FR. For the sake of viewer convenience, the content is shown below in the alternative language. You may click the link to switch the active language.Si le concept de souverainet\u00e9 num\u00e9rique ne date pas d\u2019hier, les contextes, l\u00e9gal et \u00e9conomique, actuels ne cessent de le ramener sur le [&hellip;]<\/p>\n","protected":false},"author":3,"featured_media":0,"comment_status":"closed","ping_status":"closed","sticky":false,"template":"","format":"standard","meta":{"footnotes":""},"categories":[12],"tags":[],"class_list":["post-1355","post","type-post","status-publish","format-standard","hentry","category-revue-de-presse"],"acf":[],"_links":{"self":[{"href":"https:\/\/www.iteanu.law\/en\/wp-json\/wp\/v2\/posts\/1355","targetHints":{"allow":["GET"]}}],"collection":[{"href":"https:\/\/www.iteanu.law\/en\/wp-json\/wp\/v2\/posts"}],"about":[{"href":"https:\/\/www.iteanu.law\/en\/wp-json\/wp\/v2\/types\/post"}],"author":[{"embeddable":true,"href":"https:\/\/www.iteanu.law\/en\/wp-json\/wp\/v2\/users\/3"}],"replies":[{"embeddable":true,"href":"https:\/\/www.iteanu.law\/en\/wp-json\/wp\/v2\/comments?post=1355"}],"version-history":[{"count":1,"href":"https:\/\/www.iteanu.law\/en\/wp-json\/wp\/v2\/posts\/1355\/revisions"}],"predecessor-version":[{"id":1356,"href":"https:\/\/www.iteanu.law\/en\/wp-json\/wp\/v2\/posts\/1355\/revisions\/1356"}],"wp:attachment":[{"href":"https:\/\/www.iteanu.law\/en\/wp-json\/wp\/v2\/media?parent=1355"}],"wp:term":[{"taxonomy":"category","embeddable":true,"href":"https:\/\/www.iteanu.law\/en\/wp-json\/wp\/v2\/categories?post=1355"},{"taxonomy":"post_tag","embeddable":true,"href":"https:\/\/www.iteanu.law\/en\/wp-json\/wp\/v2\/tags?post=1355"}],"curies":[{"name":"wp","href":"https:\/\/api.w.org\/{rel}","templated":true}]}}