{"id":1303,"date":"2018-05-29T10:39:42","date_gmt":"2018-05-29T08:39:42","guid":{"rendered":"https:\/\/www.iteanu.law\/?p=1303"},"modified":"2018-06-04T09:49:41","modified_gmt":"2018-06-04T07:49:41","slug":"rgpd-plus-de-responsabilites-pour-les-sous-traitants-les-echos","status":"publish","type":"post","link":"https:\/\/www.iteanu.law\/en\/rgpd-plus-de-responsabilites-pour-les-sous-traitants-les-echos\/","title":{"rendered":"RGPD : plus de responsabilit\u00e9s pour les sous-traitants &#8211; Les Echos &#8211; 29 mai 2018"},"content":{"rendered":"<p class=\"qtranxs-available-languages-message qtranxs-available-languages-message-en\">Sorry, this entry is only available in <a href=\"https:\/\/www.iteanu.law\/fr\/wp-json\/wp\/v2\/posts\/1303\" class=\"qtranxs-available-language-link qtranxs-available-language-link-fr\" title=\"FR\">FR<\/a>. For the sake of viewer convenience, the content is shown below in the alternative language. You may click the link to switch the active language.<\/p><p><\/p>\n<h2 class=\"chapo-article\">Avec la nouvelle r\u00e9glementation sur les donn\u00e9es personnelles, le sous-traitant informatique et le donneur d&#8217;ordre sont responsables de la conformit\u00e9 de l&#8217;autre.<\/h2>\n<div class=\"paywall\">\n<p>C&#8217;est l&#8217;une des mesures phares du r\u00e8glement g\u00e9n\u00e9ral sur les donn\u00e9es personnelles (RGPD) entr\u00e9 en vigueur le 25\u00a0mai\u00a0: donner au sous-traitant un v\u00e9ritable statut assorti de\u00a0<strong>responsabilit\u00e9s d\u00e9finies en mati\u00e8re de traitement des donn\u00e9es personnelles<\/strong>. Jusqu&#8217;\u00e0 pr\u00e9sent, le sous-traitant n&#8217;avait qu&#8217;une responsabilit\u00e9 contractuelle \u00e0 l&#8217;\u00e9gard de son donneur d&#8217;ordre. R\u00e9sultat, quelle que soit l&#8217;origine de la d\u00e9faillance, seul le\u00a0<i>\u00ab\u00a0responsable des traitements\u00a0\u00bb,<\/i> c&#8217;est-\u00e0-dire le donneur d&#8217;ordre, \u00e9tait consid\u00e9r\u00e9 comme responsable vis-\u00e0-vis de la CNIL et de la r\u00e9glementation qu&#8217;elle contr\u00f4lait.<\/p>\n<p><a href=\"https:\/\/business.lesechos.fr\/entrepreneurs\/marketing-vente\/0301716483223-rgpd-plus-de-responsabilites-pour-les-sous-traitants-321210.php\">La suite<\/a><\/p>\n<\/div>\n<p><\/p>","protected":false},"excerpt":{"rendered":"<p>Sorry, this entry is only available in FR. For the sake of viewer convenience, the content is shown below in the alternative language. You may click the link to switch the active language. Avec la nouvelle r\u00e9glementation sur les donn\u00e9es personnelles, le sous-traitant informatique et le donneur d&#8217;ordre sont responsables de la conformit\u00e9 de l&#8217;autre. [&hellip;]<\/p>\n","protected":false},"author":3,"featured_media":0,"comment_status":"closed","ping_status":"closed","sticky":false,"template":"","format":"standard","meta":{"footnotes":""},"categories":[12],"tags":[],"class_list":["post-1303","post","type-post","status-publish","format-standard","hentry","category-revue-de-presse"],"acf":[],"_links":{"self":[{"href":"https:\/\/www.iteanu.law\/en\/wp-json\/wp\/v2\/posts\/1303","targetHints":{"allow":["GET"]}}],"collection":[{"href":"https:\/\/www.iteanu.law\/en\/wp-json\/wp\/v2\/posts"}],"about":[{"href":"https:\/\/www.iteanu.law\/en\/wp-json\/wp\/v2\/types\/post"}],"author":[{"embeddable":true,"href":"https:\/\/www.iteanu.law\/en\/wp-json\/wp\/v2\/users\/3"}],"replies":[{"embeddable":true,"href":"https:\/\/www.iteanu.law\/en\/wp-json\/wp\/v2\/comments?post=1303"}],"version-history":[{"count":2,"href":"https:\/\/www.iteanu.law\/en\/wp-json\/wp\/v2\/posts\/1303\/revisions"}],"predecessor-version":[{"id":1316,"href":"https:\/\/www.iteanu.law\/en\/wp-json\/wp\/v2\/posts\/1303\/revisions\/1316"}],"wp:attachment":[{"href":"https:\/\/www.iteanu.law\/en\/wp-json\/wp\/v2\/media?parent=1303"}],"wp:term":[{"taxonomy":"category","embeddable":true,"href":"https:\/\/www.iteanu.law\/en\/wp-json\/wp\/v2\/categories?post=1303"},{"taxonomy":"post_tag","embeddable":true,"href":"https:\/\/www.iteanu.law\/en\/wp-json\/wp\/v2\/tags?post=1303"}],"curies":[{"name":"wp","href":"https:\/\/api.w.org\/{rel}","templated":true}]}}