{"id":1299,"date":"2018-05-25T10:38:21","date_gmt":"2018-05-25T08:38:21","guid":{"rendered":"https:\/\/www.iteanu.law\/?p=1299"},"modified":"2018-06-04T09:48:05","modified_gmt":"2018-06-04T07:48:05","slug":"rgpd-cest-maintenant-que-risquez-vous-si-vous-netes-pas-pret-les-echos-entrepreneurs","status":"publish","type":"post","link":"https:\/\/www.iteanu.law\/en\/rgpd-cest-maintenant-que-risquez-vous-si-vous-netes-pas-pret-les-echos-entrepreneurs\/","title":{"rendered":"RGPD, c&#8217;est maintenant ! Que risquez-vous si vous n&#8217;\u00eates pas pr\u00eat ? Les Echos Entrepreneurs &#8211; 25 mai 2018"},"content":{"rendered":"<p class=\"qtranxs-available-languages-message qtranxs-available-languages-message-en\">Sorry, this entry is only available in <a href=\"https:\/\/www.iteanu.law\/fr\/wp-json\/wp\/v2\/posts\/1299\" class=\"qtranxs-available-language-link qtranxs-available-language-link-fr\" title=\"FR\">FR<\/a>. For the sake of viewer convenience, the content is shown below in the alternative language. You may click the link to switch the active language.<\/p><p><\/p>\n<h2 class=\"chapo-article\">Vous ne respectez pas certaines des mesures pr\u00e9vues par le RGPD\u00a0? Voici les sanctions auxquelles vous vous exposez.<\/h2>\n<div class=\"paywall\">\n<p>Le couperet tombe ce 25\u00a0mai 2018, avec l&#8217;<strong>entr\u00e9e en vigueur du r\u00e8glement g\u00e9n\u00e9ral sur la protection des donn\u00e9es<\/strong> (RGPD). Mais la grande majorit\u00e9 des entreprises (67\u00a0%) d\u00e9clare ne pas encore \u00eatre pr\u00eate* \u00e0 le respecter. Toutes ces soci\u00e9t\u00e9s s&#8217;exposent \u00e0 des\u00a0<strong>amendes administratives prononc\u00e9es par la Cnil<\/strong> (Commission nationale de l&#8217;informatique et des libert\u00e9s). La note peut \u00eatre dissuasive\u00a0: jusqu&#8217;\u00e0 4\u00a0% du chiffre d&#8217;affaires mondial ou 20\u00a0millions d&#8217;euros, le montant le plus \u00e9lev\u00e9 \u00e9tant retenu.<\/p>\n<p><a href=\"https:\/\/business.lesechos.fr\/entrepreneurs\/juridique\/0301704995142-rgpd-c-est-maintenant-que-risquez-vous-si-vous-n-etes-pas-pret-321126.php\">La suite<\/a><\/p>\n<\/div>\n<p><\/p>","protected":false},"excerpt":{"rendered":"<p>Sorry, this entry is only available in FR. For the sake of viewer convenience, the content is shown below in the alternative language. You may click the link to switch the active language. Vous ne respectez pas certaines des mesures pr\u00e9vues par le RGPD\u00a0? Voici les sanctions auxquelles vous vous exposez. Le couperet tombe ce [&hellip;]<\/p>\n","protected":false},"author":3,"featured_media":0,"comment_status":"closed","ping_status":"closed","sticky":false,"template":"","format":"standard","meta":{"footnotes":""},"categories":[12],"tags":[],"class_list":["post-1299","post","type-post","status-publish","format-standard","hentry","category-revue-de-presse"],"acf":[],"_links":{"self":[{"href":"https:\/\/www.iteanu.law\/en\/wp-json\/wp\/v2\/posts\/1299","targetHints":{"allow":["GET"]}}],"collection":[{"href":"https:\/\/www.iteanu.law\/en\/wp-json\/wp\/v2\/posts"}],"about":[{"href":"https:\/\/www.iteanu.law\/en\/wp-json\/wp\/v2\/types\/post"}],"author":[{"embeddable":true,"href":"https:\/\/www.iteanu.law\/en\/wp-json\/wp\/v2\/users\/3"}],"replies":[{"embeddable":true,"href":"https:\/\/www.iteanu.law\/en\/wp-json\/wp\/v2\/comments?post=1299"}],"version-history":[{"count":2,"href":"https:\/\/www.iteanu.law\/en\/wp-json\/wp\/v2\/posts\/1299\/revisions"}],"predecessor-version":[{"id":1314,"href":"https:\/\/www.iteanu.law\/en\/wp-json\/wp\/v2\/posts\/1299\/revisions\/1314"}],"wp:attachment":[{"href":"https:\/\/www.iteanu.law\/en\/wp-json\/wp\/v2\/media?parent=1299"}],"wp:term":[{"taxonomy":"category","embeddable":true,"href":"https:\/\/www.iteanu.law\/en\/wp-json\/wp\/v2\/categories?post=1299"},{"taxonomy":"post_tag","embeddable":true,"href":"https:\/\/www.iteanu.law\/en\/wp-json\/wp\/v2\/tags?post=1299"}],"curies":[{"name":"wp","href":"https:\/\/api.w.org\/{rel}","templated":true}]}}