{"id":1228,"date":"2018-04-21T22:58:33","date_gmt":"2018-04-21T20:58:33","guid":{"rendered":"https:\/\/www.iteanu.law\/?p=1228"},"modified":"2018-06-01T10:27:35","modified_gmt":"2018-06-01T08:27:35","slug":"donnees-personnelles-le-grand-hold-up-c-dans-lair-21-avril-2018","status":"publish","type":"post","link":"https:\/\/www.iteanu.law\/en\/donnees-personnelles-le-grand-hold-up-c-dans-lair-21-avril-2018\/","title":{"rendered":"Donn\u00e9es personnelles, le grand hold up (C DANS L&#8217;AIR 21 avril 2018)"},"content":{"rendered":"<p class=\"qtranxs-available-languages-message qtranxs-available-languages-message-en\">Sorry, this entry is only available in <a href=\"https:\/\/www.iteanu.law\/fr\/wp-json\/wp\/v2\/posts\/1228\" class=\"qtranxs-available-language-link qtranxs-available-language-link-fr\" title=\"FR\">FR<\/a>. For the sake of viewer convenience, the content is shown below in the alternative language. You may click the link to switch the active language.<\/p><p>Olivier Iteanu \u00e9tait sur la plateau de l&#8217;\u00e9mission C DANS L&#8217;AIR sur le th\u00e8me <em>&#8220;donn\u00e9es personnelles, le grand hold up&#8221;.<\/em><\/p>\n<p>Il a une nouvelle fois d\u00e9fendu la conception europ\u00e9enne du droit aux donn\u00e9es personnelles, un droit fondamental qui constitue l&#8217;attribut de personnalit\u00e9 de chaque r\u00e9sident europ\u00e9en.<\/p>\n<p>Ainsi, si la base juridique d&#8217;un traitement de donn\u00e9es personnelles, est le consentement de la personne concern\u00e9e, parce que c&#8217;est un attribut de la personnalit\u00e9, chaque personne qui a consenti ce consentement peut le retirer \u00e0 tout moment, c&#8217;est son droit.<\/p>\n<p>Cette conception particuli\u00e8re de la donn\u00e9e personnelle fait face \u00e0 la conception am\u00e9ricaine, pour laquelle la donn\u00e9e, la <em>data<\/em>, est un bien.<\/p>\n<p>Il est ainsi dans le commerce juridique et une fois que la personne concern\u00e9e a c\u00e9d\u00e9 ce bien particulier, il en perd le contr\u00f4le.<\/p>\n<p>C&#8217;est cette conception europ\u00e9enne, qui pr\u00e9vaut notamment en France depuis 40 ans avec la Loi relative \u00e0 l&#8217;informatique, aux fichiers et aux libert\u00e9s du 6 janvier 1978 qui a notamment cr\u00e9\u00e9 la <a href=\"http:\/\/www.cnil.fr\">CNIL<\/a>, que l&#8217;on retrouve dans le R\u00e8glement UE 2016\/679 dit RGPD.<\/p>\n<p>https:\/\/youtu.be\/UGEXJb5nzEQ<\/p>","protected":false},"excerpt":{"rendered":"<p>Sorry, this entry is only available in FR. For the sake of viewer convenience, the content is shown below in the alternative language. You may click the link to switch the active language.Olivier Iteanu \u00e9tait sur la plateau de l&#8217;\u00e9mission C DANS L&#8217;AIR sur le th\u00e8me &#8220;donn\u00e9es personnelles, le grand hold up&#8221;. Il a une [&hellip;]<\/p>\n","protected":false},"author":5,"featured_media":1229,"comment_status":"closed","ping_status":"closed","sticky":false,"template":"","format":"standard","meta":{"footnotes":""},"categories":[12],"tags":[],"class_list":["post-1228","post","type-post","status-publish","format-standard","has-post-thumbnail","hentry","category-revue-de-presse"],"acf":[],"_links":{"self":[{"href":"https:\/\/www.iteanu.law\/en\/wp-json\/wp\/v2\/posts\/1228","targetHints":{"allow":["GET"]}}],"collection":[{"href":"https:\/\/www.iteanu.law\/en\/wp-json\/wp\/v2\/posts"}],"about":[{"href":"https:\/\/www.iteanu.law\/en\/wp-json\/wp\/v2\/types\/post"}],"author":[{"embeddable":true,"href":"https:\/\/www.iteanu.law\/en\/wp-json\/wp\/v2\/users\/5"}],"replies":[{"embeddable":true,"href":"https:\/\/www.iteanu.law\/en\/wp-json\/wp\/v2\/comments?post=1228"}],"version-history":[{"count":1,"href":"https:\/\/www.iteanu.law\/en\/wp-json\/wp\/v2\/posts\/1228\/revisions"}],"predecessor-version":[{"id":1230,"href":"https:\/\/www.iteanu.law\/en\/wp-json\/wp\/v2\/posts\/1228\/revisions\/1230"}],"wp:featuredmedia":[{"embeddable":true,"href":"https:\/\/www.iteanu.law\/en\/wp-json\/wp\/v2\/media\/1229"}],"wp:attachment":[{"href":"https:\/\/www.iteanu.law\/en\/wp-json\/wp\/v2\/media?parent=1228"}],"wp:term":[{"taxonomy":"category","embeddable":true,"href":"https:\/\/www.iteanu.law\/en\/wp-json\/wp\/v2\/categories?post=1228"},{"taxonomy":"post_tag","embeddable":true,"href":"https:\/\/www.iteanu.law\/en\/wp-json\/wp\/v2\/tags?post=1228"}],"curies":[{"name":"wp","href":"https:\/\/api.w.org\/{rel}","templated":true}]}}