{"id":1224,"date":"2018-05-03T09:41:16","date_gmt":"2018-05-03T07:41:16","guid":{"rendered":"https:\/\/www.iteanu.law\/?p=1224"},"modified":"2018-05-09T17:02:45","modified_gmt":"2018-05-09T15:02:45","slug":"rssi-et-dpo-des-finalites-differentes-des-objectifs-communs-3-mai-2018","status":"publish","type":"post","link":"https:\/\/www.iteanu.law\/en\/rssi-et-dpo-des-finalites-differentes-des-objectifs-communs-3-mai-2018\/","title":{"rendered":"RSSI et DPO : des finalit\u00e9s diff\u00e9rentes, des objectifs communs (Clusif, 3 mai 2018)"},"content":{"rendered":"<p class=\"qtranxs-available-languages-message qtranxs-available-languages-message-en\">Sorry, this entry is only available in <a href=\"https:\/\/www.iteanu.law\/fr\/wp-json\/wp\/v2\/posts\/1224\" class=\"qtranxs-available-language-link qtranxs-available-language-link-fr\" title=\"FR\">FR<\/a>. For the sake of viewer convenience, the content is shown below in the alternative language. You may click the link to switch the active language.<\/p><p><strong>A l\u2019approche de la date fatidique du 25 mai, correspondant \u00e0 la mise en application du nouveau r\u00e8glement europ\u00e9en sur la protection des donn\u00e9es personnelles (RGPD), le CLUSIF a tenu une conf\u00e9rence jeudi 19 avril sur la compl\u00e9mentarit\u00e9 des Responsables de la S\u00e9curit\u00e9 des Syst\u00e8mes d\u2019Information (RSSI) et des D\u00e9l\u00e9gu\u00e9s \u00e0 la Protection des Donn\u00e9es (DPO). Thierry Chiofalo (membre du conseil d\u2019administration du CLUSIF) a, en introduction, pos\u00e9 un des principes de la relation entre S\u00e9curit\u00e9 de l\u2019Information et RGPD, le fait que \u00ab\u00a0ceux-ci visent des finalit\u00e9s diff\u00e9rentes avec des objectifs communs\u00a0\u00bb\u00a0: \u00ab\u00a0les premiers prot\u00e8gent les entreprises, les seconds les personnes. Mais les moyens et certains objectifs sont souvent communs\u00a0\u00bb.<\/strong><\/p>\n<p><a href=\"https:\/\/www.globalsecuritymag.fr\/RSSI-et-DPO-des-finalites,20180503,78406.html\">Suite\u00a0<\/a><\/p>","protected":false},"excerpt":{"rendered":"<p>Sorry, this entry is only available in FR. For the sake of viewer convenience, the content is shown below in the alternative language. You may click the link to switch the active language.A l\u2019approche de la date fatidique du 25 mai, correspondant \u00e0 la mise en application du nouveau r\u00e8glement europ\u00e9en sur la protection des [&hellip;]<\/p>\n","protected":false},"author":3,"featured_media":1231,"comment_status":"closed","ping_status":"closed","sticky":false,"template":"","format":"standard","meta":{"footnotes":""},"categories":[12],"tags":[],"class_list":["post-1224","post","type-post","status-publish","format-standard","has-post-thumbnail","hentry","category-revue-de-presse"],"acf":[],"_links":{"self":[{"href":"https:\/\/www.iteanu.law\/en\/wp-json\/wp\/v2\/posts\/1224","targetHints":{"allow":["GET"]}}],"collection":[{"href":"https:\/\/www.iteanu.law\/en\/wp-json\/wp\/v2\/posts"}],"about":[{"href":"https:\/\/www.iteanu.law\/en\/wp-json\/wp\/v2\/types\/post"}],"author":[{"embeddable":true,"href":"https:\/\/www.iteanu.law\/en\/wp-json\/wp\/v2\/users\/3"}],"replies":[{"embeddable":true,"href":"https:\/\/www.iteanu.law\/en\/wp-json\/wp\/v2\/comments?post=1224"}],"version-history":[{"count":2,"href":"https:\/\/www.iteanu.law\/en\/wp-json\/wp\/v2\/posts\/1224\/revisions"}],"predecessor-version":[{"id":1232,"href":"https:\/\/www.iteanu.law\/en\/wp-json\/wp\/v2\/posts\/1224\/revisions\/1232"}],"wp:featuredmedia":[{"embeddable":true,"href":"https:\/\/www.iteanu.law\/en\/wp-json\/wp\/v2\/media\/1231"}],"wp:attachment":[{"href":"https:\/\/www.iteanu.law\/en\/wp-json\/wp\/v2\/media?parent=1224"}],"wp:term":[{"taxonomy":"category","embeddable":true,"href":"https:\/\/www.iteanu.law\/en\/wp-json\/wp\/v2\/categories?post=1224"},{"taxonomy":"post_tag","embeddable":true,"href":"https:\/\/www.iteanu.law\/en\/wp-json\/wp\/v2\/tags?post=1224"}],"curies":[{"name":"wp","href":"https:\/\/api.w.org\/{rel}","templated":true}]}}