{"id":1204,"date":"2018-04-26T12:18:09","date_gmt":"2018-04-26T10:18:09","guid":{"rendered":"https:\/\/www.iteanu.law\/?p=1204"},"modified":"2018-05-07T09:40:31","modified_gmt":"2018-05-07T07:40:31","slug":"cloud-independance-day-mardi-05-juin-2018-a-lecole-militaire","status":"publish","type":"post","link":"https:\/\/www.iteanu.law\/en\/cloud-independance-day-mardi-05-juin-2018-a-lecole-militaire\/","title":{"rendered":"Cloud Independance Day, Mardi 05 juin 2018 \u00e0 l&#8217;Ecole Militaire. &#8211; 26 avril 2018"},"content":{"rendered":"<p class=\"qtranxs-available-languages-message qtranxs-available-languages-message-en\">Sorry, this entry is only available in <a href=\"https:\/\/www.iteanu.law\/fr\/wp-json\/wp\/v2\/posts\/1204\" class=\"qtranxs-available-language-link qtranxs-available-language-link-fr\" title=\"FR\">FR<\/a>. For the sake of viewer convenience, the content is shown below in the alternative language. You may click the link to switch the active language.<\/p><p><span style=\"font-family: verdana, sans-serif;\"><span id=\"gmail-m_-8070647623472724220gmail-m_-5776916278703508342gmail-m_4122048291588567929gmail-m_3552115642273382194ember13580\" class=\"gmail-m_-8070647623472724220gmail-m_-5776916278703508342gmail-m_4122048291588567929gmail-m_3552115642273382194ember-view\">Cette 4\u00e8me \u00e9dition r\u00e9unit les professionnels du Cloud Computing autour du th\u00e8me &#8220;La souverainet\u00e9 num\u00e9rique est-elle l\u2019avenir du num\u00e9rique ?&#8221; annonce Olivier Iteanu\u00a0avec le soutien de <\/span><span id=\"gmail-m_-8070647623472724220gmail-m_-5776916278703508342gmail-m_4122048291588567929gmail-m_3552115642273382194ember13580\" class=\"gmail-m_-8070647623472724220gmail-m_-5776916278703508342gmail-m_4122048291588567929gmail-m_3552115642273382194ember-view\">Hexatrust et l&#8217;ANSSI :<\/span><\/span><\/p>\n<p><a href=\"https:\/\/t.co\/oBjT64dSff\">Suite<\/a><\/p>\n<p><a href=\"https:\/\/t.co\/XBz972xATs\">et la<\/a><\/p>","protected":false},"excerpt":{"rendered":"<p>Sorry, this entry is only available in FR. For the sake of viewer convenience, the content is shown below in the alternative language. You may click the link to switch the active language.Cette 4\u00e8me \u00e9dition r\u00e9unit les professionnels du Cloud Computing autour du th\u00e8me &#8220;La souverainet\u00e9 num\u00e9rique est-elle l\u2019avenir du num\u00e9rique ?&#8221; annonce Olivier Iteanu\u00a0avec [&hellip;]<\/p>\n","protected":false},"author":3,"featured_media":0,"comment_status":"closed","ping_status":"closed","sticky":false,"template":"","format":"standard","meta":{"footnotes":""},"categories":[12],"tags":[],"class_list":["post-1204","post","type-post","status-publish","format-standard","hentry","category-revue-de-presse"],"acf":[],"_links":{"self":[{"href":"https:\/\/www.iteanu.law\/en\/wp-json\/wp\/v2\/posts\/1204","targetHints":{"allow":["GET"]}}],"collection":[{"href":"https:\/\/www.iteanu.law\/en\/wp-json\/wp\/v2\/posts"}],"about":[{"href":"https:\/\/www.iteanu.law\/en\/wp-json\/wp\/v2\/types\/post"}],"author":[{"embeddable":true,"href":"https:\/\/www.iteanu.law\/en\/wp-json\/wp\/v2\/users\/3"}],"replies":[{"embeddable":true,"href":"https:\/\/www.iteanu.law\/en\/wp-json\/wp\/v2\/comments?post=1204"}],"version-history":[{"count":2,"href":"https:\/\/www.iteanu.law\/en\/wp-json\/wp\/v2\/posts\/1204\/revisions"}],"predecessor-version":[{"id":1222,"href":"https:\/\/www.iteanu.law\/en\/wp-json\/wp\/v2\/posts\/1204\/revisions\/1222"}],"wp:attachment":[{"href":"https:\/\/www.iteanu.law\/en\/wp-json\/wp\/v2\/media?parent=1204"}],"wp:term":[{"taxonomy":"category","embeddable":true,"href":"https:\/\/www.iteanu.law\/en\/wp-json\/wp\/v2\/categories?post=1204"},{"taxonomy":"post_tag","embeddable":true,"href":"https:\/\/www.iteanu.law\/en\/wp-json\/wp\/v2\/tags?post=1204"}],"curies":[{"name":"wp","href":"https:\/\/api.w.org\/{rel}","templated":true}]}}