{"id":1200,"date":"2018-04-23T12:15:59","date_gmt":"2018-04-23T10:15:59","guid":{"rendered":"https:\/\/www.iteanu.law\/?p=1200"},"modified":"2018-05-07T09:40:17","modified_gmt":"2018-05-07T07:40:17","slug":"revue-twitter","status":"publish","type":"post","link":"https:\/\/www.iteanu.law\/en\/revue-twitter\/","title":{"rendered":"Revue twitter &#8211; 23 avril 2018"},"content":{"rendered":"<p class=\"qtranxs-available-languages-message qtranxs-available-languages-message-en\">Sorry, this entry is only available in <a href=\"https:\/\/www.iteanu.law\/fr\/wp-json\/wp\/v2\/posts\/1200\" class=\"qtranxs-available-language-link qtranxs-available-language-link-fr\" title=\"FR\">FR<\/a>. For the sake of viewer convenience, the content is shown below in the alternative language. You may click the link to switch the active language.<\/p><p><span style=\"font-family: verdana, sans-serif;\">&#8220;En Europe on consid\u00e8re que les donn\u00e9es personnelles sont un attribut de notre personnalit\u00e9. Elles n\u2019appartiennent pas \u00e0 Facebook mais aux personnes. C\u2019est cela l\u2019enjeu aujourd&#8217;hui. Aux Etats-Unis il n\u2019y a pas de loi qui les r\u00e9glemente. Pourquoi ?&#8221; Olivier +Olivier Iteanu #cdanslair<\/span><\/p>\n<p><a href=\"https:\/\/twitter.com\/Cdanslair\/status\/988352887301591040\">Suite<\/a><\/p>","protected":false},"excerpt":{"rendered":"<p>Sorry, this entry is only available in FR. For the sake of viewer convenience, the content is shown below in the alternative language. You may click the link to switch the active language.&#8220;En Europe on consid\u00e8re que les donn\u00e9es personnelles sont un attribut de notre personnalit\u00e9. Elles n\u2019appartiennent pas \u00e0 Facebook mais aux personnes. C\u2019est [&hellip;]<\/p>\n","protected":false},"author":3,"featured_media":0,"comment_status":"closed","ping_status":"closed","sticky":false,"template":"","format":"standard","meta":{"footnotes":""},"categories":[12],"tags":[],"class_list":["post-1200","post","type-post","status-publish","format-standard","hentry","category-revue-de-presse"],"acf":[],"_links":{"self":[{"href":"https:\/\/www.iteanu.law\/en\/wp-json\/wp\/v2\/posts\/1200","targetHints":{"allow":["GET"]}}],"collection":[{"href":"https:\/\/www.iteanu.law\/en\/wp-json\/wp\/v2\/posts"}],"about":[{"href":"https:\/\/www.iteanu.law\/en\/wp-json\/wp\/v2\/types\/post"}],"author":[{"embeddable":true,"href":"https:\/\/www.iteanu.law\/en\/wp-json\/wp\/v2\/users\/3"}],"replies":[{"embeddable":true,"href":"https:\/\/www.iteanu.law\/en\/wp-json\/wp\/v2\/comments?post=1200"}],"version-history":[{"count":2,"href":"https:\/\/www.iteanu.law\/en\/wp-json\/wp\/v2\/posts\/1200\/revisions"}],"predecessor-version":[{"id":1220,"href":"https:\/\/www.iteanu.law\/en\/wp-json\/wp\/v2\/posts\/1200\/revisions\/1220"}],"wp:attachment":[{"href":"https:\/\/www.iteanu.law\/en\/wp-json\/wp\/v2\/media?parent=1200"}],"wp:term":[{"taxonomy":"category","embeddable":true,"href":"https:\/\/www.iteanu.law\/en\/wp-json\/wp\/v2\/categories?post=1200"},{"taxonomy":"post_tag","embeddable":true,"href":"https:\/\/www.iteanu.law\/en\/wp-json\/wp\/v2\/tags?post=1200"}],"curies":[{"name":"wp","href":"https:\/\/api.w.org\/{rel}","templated":true}]}}