{"id":1198,"date":"2018-04-19T12:14:58","date_gmt":"2018-04-19T10:14:58","guid":{"rendered":"https:\/\/www.iteanu.law\/?p=1198"},"modified":"2018-05-07T09:40:11","modified_gmt":"2018-05-07T07:40:11","slug":"quadrature-du-net-vers-un-recours-inedit-en-matiere-de-protection-des-donnees-personnelles","status":"publish","type":"post","link":"https:\/\/www.iteanu.law\/en\/quadrature-du-net-vers-un-recours-inedit-en-matiere-de-protection-des-donnees-personnelles\/","title":{"rendered":"Quadrature du Net : vers un recours in\u00e9dit en mati\u00e8re de protection des donn\u00e9es personnelles &#8211; 19 avril 2018"},"content":{"rendered":"<p class=\"qtranxs-available-languages-message qtranxs-available-languages-message-en\">Sorry, this entry is only available in <a href=\"https:\/\/www.iteanu.law\/fr\/wp-json\/wp\/v2\/posts\/1198\" class=\"qtranxs-available-language-link qtranxs-available-language-link-fr\" title=\"FR\">FR<\/a>. For the sake of viewer convenience, the content is shown below in the alternative language. You may click the link to switch the active language.<\/p><p><\/p>\n<h2 class=\"article-standfirst read-left-padding\">A partir de mai, il devrait \u00eatre possible d\u2019engager une action group\u00e9e en justice pour obtenir une r\u00e9paration en cas de pr\u00e9judice dans le traitement des donn\u00e9es personnelles. Une proc\u00e9dure que compte utiliser l&#8217;association fran\u00e7aise contre les g\u00e9ants du num\u00e9rique.<\/h2>\n<p><a href=\"http:\/\/www.liberation.fr\/france\/2018\/04\/19\/quadrature-du-net-vers-un-recours-inedit-en-matiere-de-protection-des-donnees-personnelles_1644314\">Suite<\/a><\/p>","protected":false},"excerpt":{"rendered":"<p>Sorry, this entry is only available in FR. For the sake of viewer convenience, the content is shown below in the alternative language. You may click the link to switch the active language. A partir de mai, il devrait \u00eatre possible d\u2019engager une action group\u00e9e en justice pour obtenir une r\u00e9paration en cas de pr\u00e9judice [&hellip;]<\/p>\n","protected":false},"author":3,"featured_media":0,"comment_status":"closed","ping_status":"closed","sticky":false,"template":"","format":"standard","meta":{"footnotes":""},"categories":[12],"tags":[],"class_list":["post-1198","post","type-post","status-publish","format-standard","hentry","category-revue-de-presse"],"acf":[],"_links":{"self":[{"href":"https:\/\/www.iteanu.law\/en\/wp-json\/wp\/v2\/posts\/1198","targetHints":{"allow":["GET"]}}],"collection":[{"href":"https:\/\/www.iteanu.law\/en\/wp-json\/wp\/v2\/posts"}],"about":[{"href":"https:\/\/www.iteanu.law\/en\/wp-json\/wp\/v2\/types\/post"}],"author":[{"embeddable":true,"href":"https:\/\/www.iteanu.law\/en\/wp-json\/wp\/v2\/users\/3"}],"replies":[{"embeddable":true,"href":"https:\/\/www.iteanu.law\/en\/wp-json\/wp\/v2\/comments?post=1198"}],"version-history":[{"count":2,"href":"https:\/\/www.iteanu.law\/en\/wp-json\/wp\/v2\/posts\/1198\/revisions"}],"predecessor-version":[{"id":1219,"href":"https:\/\/www.iteanu.law\/en\/wp-json\/wp\/v2\/posts\/1198\/revisions\/1219"}],"wp:attachment":[{"href":"https:\/\/www.iteanu.law\/en\/wp-json\/wp\/v2\/media?parent=1198"}],"wp:term":[{"taxonomy":"category","embeddable":true,"href":"https:\/\/www.iteanu.law\/en\/wp-json\/wp\/v2\/categories?post=1198"},{"taxonomy":"post_tag","embeddable":true,"href":"https:\/\/www.iteanu.law\/en\/wp-json\/wp\/v2\/tags?post=1198"}],"curies":[{"name":"wp","href":"https:\/\/api.w.org\/{rel}","templated":true}]}}